{"id":10559,"date":"2023-12-12T15:18:09","date_gmt":"2023-12-12T14:18:09","guid":{"rendered":"https:\/\/www.edav.es\/?p=10559"},"modified":"2023-12-12T15:18:09","modified_gmt":"2023-12-12T14:18:09","slug":"ix-edicion-del-ciclo-de-cine-valenciano-actual","status":"publish","type":"post","link":"https:\/\/www.edav.es\/es\/ix-edicion-del-ciclo-de-cine-valenciano-actual\/","title":{"rendered":"IX EDICI\u00d3N DEL CICLO DE CINE VALENCIANO ACTUAL"},"content":{"rendered":"<div>\n<p><span style=\"font-family: Tahoma, serif;\"><span style=\"font-size: x-large;\"><b>La Sala SGAE Centre Cultural acoge la IX edici\u00f3n del Ciclo de cine valenciano actual<\/b><\/span><\/span><\/p>\n<p align=\"CENTER\"><span style=\"font-family: Tahoma, serif;\"><i>Una iniciativa de\u00a0<\/i><\/span><i>Escriptors de l\u2019Audiovisual Valenci\u00e0 (EDAV) y<\/i><i>\u00a0la Fundaci\u00f3n SGAE para apoyar y difundir la m\u00e1s reciente creaci\u00f3n audiovisual de la Comunidad Valenciana y visibilizar a sus creadores y creadoras<\/i><\/p>\n<p><span style=\"font-family: Tahoma, serif;\">La\u00a0<\/span><span style=\"font-family: Tahoma, serif;\"><b>Fundaci\u00f3n SGAE<\/b><\/span><span style=\"font-family: Tahoma, serif;\">, a trav\u00e9s del Consejo Territorial de SGAE de la Comunidad Valenciana, y la asociaci\u00f3n de guionistas\u00a0<\/span><span style=\"font-family: Tahoma, serif;\"><b>Escriptors de l\u2019Audiovisual Valenci\u00e0\u00a0<\/b><\/span><span style=\"font-family: Tahoma, serif;\">(EDAV) celebran entre el 11 y el 20 de diciembre su\u00a0<\/span><span style=\"font-family: Tahoma, serif;\"><i><b>IX Ciclo de cine valenciano actual<\/b><\/i><\/span><span style=\"font-family: Tahoma, serif;\">. La muestra, que tendr\u00e1 lugar en la\u00a0<\/span><span style=\"font-family: Tahoma, serif;\"><b>Sala SGAE Centre Cultural<\/b><\/span><span style=\"font-family: Tahoma, serif;\">\u00a0de Valencia (Blanquer\u00edas, 6), incluye un total de cuatro largometrajes producidos en los dos \u00faltimos a\u00f1os y firmados por autoras y autores de la Comunidad Valenciana. De este modo, se desea apoyar y difundir algunos de los m\u00e1s recientes trabajos del panorama audiovisual valenciano, dando protagonismo a los y las guionistas. Adem\u00e1s, los propios creadores de estas pel\u00edculas ser\u00e1n los encargados de presentarlas al p\u00fablico y mantendr\u00e1n un coloquio con las personas asistentes al terminar la proyecci\u00f3n.<\/span><\/p>\n<p><span style=\"font-family: Tahoma, serif;\">El ciclo se abre el\u00a0<\/span><span style=\"font-family: Tahoma, serif;\"><b>11 de diciembre<\/b><\/span><span style=\"font-family: Tahoma, serif;\">\u00a0con\u00a0<\/span><span style=\"font-family: Tahoma, serif;\"><i>Bull Run<\/i><\/span><span style=\"font-family: Tahoma, serif;\">, un documental de\u00a0<\/span><span style=\"font-family: Tahoma, serif;\"><b>Ana Ram\u00f3n Rubio\u00a0<\/b><\/span><span style=\"font-family: Tahoma, serif;\">que, en tono de comedia, analiza el fen\u00f3meno de las criptomonedas y su propio proceso de adicci\u00f3n a la compraventa de monedas virtuales. Tras ganar los galardones al Mejor Largometraje Documental y a la Mejor Canci\u00f3n Original (por\u00a0<\/span><span style=\"font-family: Tahoma, serif;\"><i>Rich en cripto<\/i><\/span><span style=\"font-family: Tahoma, serif;\">, de\u00a0<\/span><span style=\"font-family: Tahoma, serif;\"><b>Lory Money<\/b><\/span><span style=\"font-family: Tahoma, serif;\">\u00a0y\u00a0<\/span><span style=\"font-family: Tahoma, serif;\"><b>Sr. Flipante<\/b><\/span><span style=\"font-family: Tahoma, serif;\">) en los VI Premis Berlanga de l&#8217;Audiovisual Valenci\u00e0,\u00a0<\/span><span style=\"font-family: Tahoma, serif;\"><i>Bull Run<\/i><\/span><span style=\"font-family: Tahoma, serif;\">\u00a0fue seleccionada en el festival DOC de Nueva York y suma once candidaturas en los 38\u00ba Premios Goya 2024.<\/span><\/p>\n<p><span style=\"font-family: Tahoma, serif;\">El\u00a0<\/span><span style=\"font-family: Tahoma, serif;\"><b>13 de diciembre<\/b><\/span><span style=\"font-family: Tahoma, serif;\">\u00a0se proyectar\u00e1\u00a0<\/span><span style=\"font-family: Tahoma, serif;\"><i>42 segundos<\/i><\/span><span style=\"font-family: Tahoma, serif;\">, del guionista\u00a0<\/span><span style=\"font-family: Tahoma, serif;\"><b>Carlos Franco<\/b><\/span><span style=\"font-family: Tahoma, serif;\">\u00a0y los directores\u00a0<\/span><span style=\"font-family: Tahoma, serif;\"><b>\u00c0lex Murrull<\/b><\/span><span style=\"font-family: Tahoma, serif;\">\u00a0y\u00a0<\/span><span style=\"font-family: Tahoma, serif;\"><b>Dani de la Orden<\/b><\/span><span style=\"font-family: Tahoma, serif;\">. El largometraje cuenta la historia \u00e9pica y real de la selecci\u00f3n espa\u00f1ola de waterpolo que, contra todo pron\u00f3stico, logr\u00f3 una de las haza\u00f1as deportivas m\u00e1s recordadas de los Juegos Ol\u00edmpicos de Barcelona 92.<\/span><\/p>\n<p><span style=\"font-family: Tahoma, serif;\">El programa del\u00a0<\/span><span style=\"font-family: Tahoma, serif;\"><i>IX Ciclo de cine valenciano<\/i><\/span><span style=\"font-family: Tahoma, serif;\">\u00a0actual proseguir\u00e1 el\u00a0<\/span><span style=\"font-family: Tahoma, serif;\"><b>18 de diciembre<\/b><\/span><span style=\"font-family: Tahoma, serif;\">\u00a0con\u00a0<\/span><span style=\"font-family: Tahoma, serif;\"><i>Persona [no] humana<\/i><\/span><span style=\"font-family: Tahoma, serif;\">, de\u00a0<\/span><span style=\"font-family: Tahoma, serif;\"><b>Alejandro Cu\u00e9llar<\/b><\/span><span style=\"font-family: Tahoma, serif;\">\u00a0y\u00a0<\/span><span style=\"font-family: Tahoma, serif;\"><b>Rafa G. S\u00e1nchez<\/b><\/span><span style=\"font-family: Tahoma, serif;\">. Se trata de un documental en torno a la lucha a favor de los derechos de los animales que muestra el proceso judicial que la ONG Proyecto Gran Simio emprendi\u00f3 para liberar a dos simios encerrados en p\u00e9simas condiciones en dos zool\u00f3gicos argentinos.\u00a0<\/span><span style=\"font-family: Tahoma, serif;\"><i>Persona [no] humana<\/i><\/span><span style=\"font-family: Tahoma, serif;\">\u00a0gan\u00f3 el premio Millor Noves Realitats Socials del VIII Festival Cinema Ciutad\u00e0 Comprom\u00e9s y se ha proyectado en cert\u00e1menes nacionales e internacionales como DOCS Val\u00e8ncia, Seoul Animal Film Festival y el Festival de Cine y Derechos Humanos de Uruguay, entre otros.<\/span><\/p>\n<p><span style=\"font-family: Tahoma, serif;\">Cerrar\u00e1 la muestra de cine valenciano, el\u00a0<\/span><span style=\"font-family: Tahoma, serif;\"><b>20 de diciembre<\/b><\/span><span style=\"font-family: Tahoma, serif;\">, la pel\u00edcula\u00a0<\/span><span style=\"font-family: Tahoma, serif;\"><i>Olvido<\/i><\/span><span style=\"font-family: Tahoma, serif;\">, con guion de\u00a0<\/span><span style=\"font-family: Tahoma, serif;\"><b>Ferm\u00edn Palacios<\/b><\/span><span style=\"font-family: Tahoma, serif;\">\u00a0y direcci\u00f3n a cargo de\u00a0<\/span><span style=\"font-family: Tahoma, serif;\"><b>In\u00e9s Par\u00eds<\/b><\/span><span style=\"font-family: Tahoma, serif;\">. A modo de\u00a0<\/span><span style=\"font-family: Tahoma, serif;\"><i>thriller<\/i><\/span><span style=\"font-family: Tahoma, serif;\">, el largometraje se desarrolla en la Valencia de 1957, tras la riada que cubri\u00f3 de barro y muertos la ciudad.\u00a0<\/span><span style=\"font-family: Tahoma, serif;\"><i>Olvido\u00a0<\/i><\/span><span style=\"font-family: Tahoma, serif;\">se estren\u00f3 en el 38\u00ba festival Cinema Jove y fue una de las grandes triunfadoras en los Premis Berlanga 2023, con los galardones a la Mejor Actriz (<\/span><span style=\"font-family: Tahoma, serif;\"><b>Mar\u00eda Caballero<\/b><\/span><span style=\"font-family: Tahoma, serif;\">), Montaje y Postproducci\u00f3n, Direcci\u00f3n de Producci\u00f3n, Vestuario y Maquillaje y Peluquer\u00eda. Adem\u00e1s, cuenta con 16 candidaturas en los 38\u00ba Premios Goya 2024.<\/span><\/p>\n<p><span style=\"font-family: Tahoma, serif;\">Este\u00a0<\/span><span style=\"font-family: Tahoma, serif;\"><i>Ciclo de cine valenciano actual<\/i><\/span><span style=\"font-family: Tahoma, serif;\">\u00a0es una iniciativa del Consejo Territorial de la SGAE de la Comunidad Valenciana y EDAV, cuyo objetivo es promocionar el trabajo de aquellos guionistas que desde la Comunidad Valenciana contribuyen al enriquecimiento de nuestra producci\u00f3n audiovisual.<\/span><\/p>\n<p><img loading=\"lazy\" decoding=\"async\" class=\"alignnone wp-image-10561 size-full\" src=\"https:\/\/www.edav.es\/wp-content\/uploads\/CICLO-LARGOS-PORTADA.jpg\" alt=\"\" width=\"1693\" height=\"381\" srcset=\"https:\/\/www.edav.es\/wp-content\/uploads\/CICLO-LARGOS-PORTADA.jpg 1693w, https:\/\/www.edav.es\/wp-content\/uploads\/CICLO-LARGOS-PORTADA-300x68.jpg 300w, https:\/\/www.edav.es\/wp-content\/uploads\/CICLO-LARGOS-PORTADA-1024x230.jpg 1024w, https:\/\/www.edav.es\/wp-content\/uploads\/CICLO-LARGOS-PORTADA-768x173.jpg 768w, https:\/\/www.edav.es\/wp-content\/uploads\/CICLO-LARGOS-PORTADA-1536x346.jpg 1536w\" sizes=\"auto, (max-width: 1693px) 100vw, 1693px\" \/><\/p>\n<p><span style=\"font-family: Tahoma, serif;\"><b>FICHAS DE LOS LARGOMETRAJES:<\/b><\/span><\/p>\n<p><a name=\"m_8484290211847852124__Hlk87353080\"><\/a><a name=\"m_8484290211847852124__Hlk528671209\"><\/a><span style=\"font-family: Tahoma, serif;\"><b>11 diciembre \/ 18 horas:<\/b><\/span><\/p>\n<p><span style=\"font-family: Tahoma, serif;\">Bull Run (2023 \/ Documental \/ 80\u2019)<\/span><\/p>\n<p><span style=\"font-family: Tahoma, serif;\">Guion y direcci\u00f3n: Ana Ram\u00f3n Rubio.<\/span><\/p>\n<p><span style=\"font-family: Tahoma, serif;\">Sinopsis: Ana es una cineasta que se dedica al comercio de criptomonedas durante la pandemia. Su marido y su padre quieren que vaya a terapia, y Ana decide, como ejercicio de reparaci\u00f3n, hacer un documental sobre la fiebre bitcoin con un productor, un equipo t\u00e9cnico de nuevos especuladores y un padre economista que quiere evitar a toda costa que su hija se arruine en un mercado que no entiende. Para \u00e9l, las criptomonedas con el tulip\u00e1n o la burbuja de sellos del siglo XXI: una estafa de por vida. La historia de Ana servir\u00e1 como caballo de Troya para adentrarse en el ecosistema cripto a trav\u00e9s de testimonios de expertos.<\/span><\/p>\n<p><span style=\"font-family: Tahoma, serif;\"><b>13 diciembre \/ 18 horas:<\/b><\/span><\/p>\n<p><span style=\"font-family: Tahoma, serif;\">42 segundos (2022 \/ Drama \/ 106\u2019)<\/span><\/p>\n<p><span style=\"font-family: Tahoma, serif;\">Guion: Carlos Franco.<\/span><\/p>\n<p><span style=\"font-family: Tahoma, serif;\">Direcci\u00f3n: \u00c0lex Murrull y Dani de la Orden.<\/span><\/p>\n<p><span style=\"font-family: Tahoma, serif;\">Reparto: Jaime Lorente, \u00c1lvaro Cervantes, Tarik Filipovic, Cristian Valencia, Joan Sent\u00eds, Germ\u00e1n Alcarazu, Alfons Nieto, Pep Ambr\u00f2s, Julen Alba, Santos Adri\u00e1n, Nico Ufenast, Javier Raya, Artur Busquets y J\u00falia Lara.<\/span><\/p>\n<p><span style=\"font-family: Tahoma, serif;\">Sinopsis: a pocos meses de los Juegos Ol\u00edmpicos de Barcelona \u201992, la selecci\u00f3n espa\u00f1ola de waterpolo tiene todos los n\u00fameros para pasar sin pena ni gloria. No est\u00e1n preparados y necesitan un golpe de efecto si no quieren hacer el rid\u00edculo jugando en su propia casa. Ese golpe de efecto llega r\u00e1pido en forma de nuevo entrenador con fama de duro y t\u00e9cnicas de trabajo m\u00e1s que cuestionables. Por si fuera poco, la selecci\u00f3n cuenta con dos l\u00edderes enfrentados por su manera de entender este deporte: Manel Estiarte y Pedro Garc\u00eda Aguado. Pero, gracias a un esfuerzo sobrehumano, al trabajo en equipo y al apoyo de todo un pa\u00eds, demostrar\u00e1n al mundo entero que se puede llegar m\u00e1s all\u00e1 de donde nunca imaginaron.<\/span><\/p>\n<p><span style=\"font-family: Tahoma, serif;\"><b>18 diciembre \/ 18 horas:<\/b><\/span><\/p>\n<p><span style=\"font-family: Tahoma, serif;\">Persona [no] humana (2022 \/ Documental \/ 108\u2019)<\/span><\/p>\n<p><span style=\"font-family: Tahoma, serif;\">Guion y direcci\u00f3n: Alejandro Cu\u00e9llar y Rafa G. S\u00e1nchez.<\/span><\/p>\n<p><span style=\"font-family: Tahoma, serif;\">Reparto: Candela Moreno.<\/span><\/p>\n<p><span style=\"font-family: Tahoma, serif;\">Sinopsis: Sandra y Cecilia son dos grandes simios que viven recluidas y exhibidas en dos zool\u00f3gicos argentinos, en p\u00e9simas condiciones. La ONG Proyecto Gran Simio contacta con un grupo de abogados que abren un largo camino judicial para lograr que se reconozcan a los dos animales los tres derechos fundamentales: el derecho a la vida, a la libertad y a la no tortura. En su contra tendr\u00e1n a los directivos de los zool\u00f3gicos, relacionados con las mafias de tr\u00e1fico animal, con miedo a perder sus beneficios econ\u00f3micos. Por su parte, Candela, una fotoperiodista, comienza una investigaci\u00f3n para recabar argumentos cient\u00edficos, biol\u00f3gicos y evolutivos que demuestran nuestros v\u00ednculos con Sandra y Cecilia. \u00bfEstamos preparados para romper la barrera de la especie?<\/span><\/p>\n<p><span style=\"font-family: Tahoma, serif;\"><b>20 diciembre \/ 18 horas:<\/b><\/span><\/p>\n<p><span style=\"font-family: Tahoma, serif;\">Olvido (2023 \/ Drama \/ 92\u2019)<\/span><\/p>\n<p><span style=\"font-family: Tahoma, serif;\">Guion: Ferm\u00edn Palacios.<\/span><\/p>\n<p><span style=\"font-family: Tahoma, serif;\">Direcci\u00f3n: In\u00e9s Par\u00eds.<\/span><\/p>\n<p><span style=\"font-family: Tahoma, serif;\">Reparto: Mar\u00eda Caballero, Morgan Blasco, Carlos Olalla, Jorge Cabrera, Mar\u00eda Gregorio, Javier Butler, \u00c1lvaro B\u00e1guena, Ram\u00f3n R\u00f3denas, Jordi Aguilar y \u00d3scar Pastor.<\/span><\/p>\n<p><span style=\"font-family: Tahoma, serif;\">Sinopsis: Valencia, 14 de octubre de 1957. El r\u00edo Turia se desborda, arrasando la ciudad, que queda sumergida en agua, barro, caos y miseria. Olvido Granell, una periodista valiente obligada a demostrar cada d\u00eda su val\u00eda en un medio donde no hay casi mujeres, debe unir sus fuerzas con el veterano sargento de polic\u00eda Joaqu\u00edn Caplliure para esclarecer la aparici\u00f3n de seis cad\u00e1veres arrastrados por el agua durante la riada, pero cuyos cuerpos revelan que no han sido v\u00edctimas de la furia del r\u00edo: est\u00e1n marcados por extra\u00f1as cicatrices. Cuando los cad\u00e1veres desaparecen de la morgue y los altos mandos del R\u00e9gimen ordenan dar carpetazo al caso, Olvido y Caplliure deciden continuar desafiando al poder y el silencio impuesto. Pero, cada paso que dan hacia la verdad les sumerge un poco m\u00e1s en el barro, el misterio y el peligro, oblig\u00e1ndoles a poner en riesgo sus propias vidas.<\/span><\/p>\n<\/div>\n<div><\/div>\n<div><\/div>\n","protected":false},"excerpt":{"rendered":"<p>La Sala SGAE Centre Cultural acoge la IX edici\u00f3n del Ciclo de cine valenciano actual Una iniciativa de\u00a0Escriptors de l\u2019Audiovisual Valenci\u00e0 (EDAV) y\u00a0la Fundaci\u00f3n SGAE para apoyar y difundir la m\u00e1s reciente creaci\u00f3n audiovisual de la Comunidad Valenciana y visibilizar a sus creadores y creadoras La\u00a0Fundaci\u00f3n SGAE, a trav\u00e9s del Consejo Territorial de SGAE de &#8230; <a title=\"IX EDICI\u00d3N DEL CICLO DE CINE VALENCIANO ACTUAL\" class=\"read-more\" href=\"https:\/\/www.edav.es\/es\/ix-edicion-del-ciclo-de-cine-valenciano-actual\/\" aria-label=\"Leer m\u00e1s sobre IX EDICI\u00d3N DEL CICLO DE CINE VALENCIANO ACTUAL\">Leer m\u00e1s<\/a><\/p>\n","protected":false},"author":318,"featured_media":10561,"comment_status":"open","ping_status":"open","sticky":false,"template":"","format":"standard","meta":{"_acf_changed":false,"generate_page_header":"","footnotes":""},"categories":[1],"tags":[],"class_list":["post-10559","post","type-post","status-publish","format-standard","has-post-thumbnail","hentry","category-noticias","infinite-scroll-item","masonry-post","generate-columns","tablet-grid-50","mobile-grid-100","grid-parent","grid-50"],"acf":[],"aioseo_notices":[],"_links":{"self":[{"href":"https:\/\/www.edav.es\/es\/wp-json\/wp\/v2\/posts\/10559","targetHints":{"allow":["GET"]}}],"collection":[{"href":"https:\/\/www.edav.es\/es\/wp-json\/wp\/v2\/posts"}],"about":[{"href":"https:\/\/www.edav.es\/es\/wp-json\/wp\/v2\/types\/post"}],"author":[{"embeddable":true,"href":"https:\/\/www.edav.es\/es\/wp-json\/wp\/v2\/users\/318"}],"replies":[{"embeddable":true,"href":"https:\/\/www.edav.es\/es\/wp-json\/wp\/v2\/comments?post=10559"}],"version-history":[{"count":2,"href":"https:\/\/www.edav.es\/es\/wp-json\/wp\/v2\/posts\/10559\/revisions"}],"predecessor-version":[{"id":10563,"href":"https:\/\/www.edav.es\/es\/wp-json\/wp\/v2\/posts\/10559\/revisions\/10563"}],"wp:featuredmedia":[{"embeddable":true,"href":"https:\/\/www.edav.es\/es\/wp-json\/wp\/v2\/media\/10561"}],"wp:attachment":[{"href":"https:\/\/www.edav.es\/es\/wp-json\/wp\/v2\/media?parent=10559"}],"wp:term":[{"taxonomy":"category","embeddable":true,"href":"https:\/\/www.edav.es\/es\/wp-json\/wp\/v2\/categories?post=10559"},{"taxonomy":"post_tag","embeddable":true,"href":"https:\/\/www.edav.es\/es\/wp-json\/wp\/v2\/tags?post=10559"}],"curies":[{"name":"wp","href":"https:\/\/api.w.org\/{rel}","templated":true}]}}