{"id":10718,"date":"2024-03-26T11:19:26","date_gmt":"2024-03-26T10:19:26","guid":{"rendered":"https:\/\/www.edav.es\/?p=10718"},"modified":"2024-03-27T09:51:42","modified_gmt":"2024-03-27T08:51:42","slug":"autors-en-curt-abre-convocatoria-2","status":"publish","type":"post","link":"https:\/\/www.edav.es\/es\/autors-en-curt-abre-convocatoria-2\/","title":{"rendered":"AUTORS EN CURT ABRE CONVOCATORIA"},"content":{"rendered":"<p style=\"text-align: center;\"><img loading=\"lazy\" decoding=\"async\" class=\"alignnone size-medium wp-image-10715\" src=\"https:\/\/www.edav.es\/wp-content\/uploads\/Autors_en_Curt_negro-300x225.png\" alt=\"\" width=\"300\" height=\"225\" srcset=\"https:\/\/www.edav.es\/wp-content\/uploads\/Autors_en_Curt_negro-300x225.png 300w, https:\/\/www.edav.es\/wp-content\/uploads\/Autors_en_Curt_negro.png 454w\" sizes=\"auto, (max-width: 300px) 100vw, 300px\" \/><\/p>\n<p>La asociaci\u00f3n de guionistas de la Comunidad Valenciana, Escritores del Audiovisual Valenciano (EDAV ) y la Fundaci\u00f3n SGAE, a trav\u00e9s del Consejo Territorial de SGAE de la Comunidad Valenciana, convocamos la selecci\u00f3n de trabajos para la XII EDICI\u00d3N De AUTORS EN CURT, muestra de Cortometrajes Valencianos.<\/p>\n<p><strong>Cita de referencia<\/strong><\/p>\n<p>Con doce ediciones, Autors en Curt se ha consolidado como una cita imprescindible tanto para aficionados y aficionadas, como para profesionales del audiovisual valenciano.<\/p>\n<p>A lo largo de sus doce ediciones celebradas hasta la fecha, el ciclo Autors en Curt ha proyectado m\u00e1s de trescientos cortometrajes, ofreciendo cada temporada un completo programa panor\u00e1mico del sector audiovisual de la Comunidad Valenciana. M\u00e1s de un millar y medio de profesionales y aficionados al cortometraje han disfrutado durante estos a\u00f1os de esta muestra, que se ha convertido en una cita imprescindible para los cortometrajistas valencianos.<\/p>\n<p><strong>Proyecciones y coloquio con el p\u00fablico<\/strong><\/p>\n<p>Los cortos seleccionados ser\u00e1n proyectados en la Sala SGAE Centro Cultural de Val\u00e8ncia a lo largo de los meses de octubre y noviembre en diferentes sesiones, con presentaci\u00f3n de los cortos por parte de los autores y las autoras, y coloquio con el p\u00fablico. La muestra consistir\u00e1 en cuatro sesiones tem\u00e1ticas, dedicadas a la comedia, el drama, el terror y el documental, en las cuales se proyectar\u00e1n casi unos veinte t\u00edtulos de la m\u00e1s reciente producci\u00f3n valenciana audiovisual.<\/p>\n<p>Autors en Curt es una iniciativa de la Fundaci\u00f3n SGAE, a trav\u00e9s de su Consejo Territorial de la Comunidad Valenciana, y EDAV, desarrollada con el objetivo de poner en valor y visibilizar el papel de los guionistas en el proceso de producci\u00f3n audiovisual, manteniendo su compromiso con los guionistas, como figura primigenia y fundamental en el proceso de la creaci\u00f3n.<\/p>\n<p><strong>PRESENTACI\u00d3N DE SOLICITUDES<\/strong><\/p>\n<p>Plazo: 19 de mayo a las 23:55 hrs.<\/p>\n<p>Participantes: autores\/as valencianos residentes o no en la Comunidad Valenciana. \u00a0Autores\/as no valencianos\/as con residencia permanente en la Comunidad Valenciana, cuyos cortos hayan sido producidos en la Comunidad Valenciana.<\/p>\n<p>Seleccionamos trabajos de:<\/p>\n<p>\u2013 TERROR &amp; THRILLER<\/p>\n<p>\u2013 DRAMA<\/p>\n<p>\u2013 COMEDIA<\/p>\n<p>\u2013 DOCUMENTAL<\/p>\n<p>Podr\u00e1n presentarse trabajos tanto de imagen real como de animaci\u00f3n o mixtos.<\/p>\n<p>Los cortos seleccionados ser\u00e1n proyectados en la Sala SGAE Centro Cultural de Val\u00e8ncia a lo largo de los meses de octubre y noviembre de 2024 en diferentes sesiones, con presentaci\u00f3n de los cortos por parte de los autores y las autoras, y coloquio con el p\u00fablico.<\/p>\n<p>Los autores que quieran presentar sus obras tienen que hacerlo<a href=\"https:\/\/forms.gle\/VKFyLNMBd46T33eo8\"> <strong>a trav\u00e9s de este formulario.<\/strong><\/a><\/p>\n<p>Se puede presentar m\u00e1s de un corto a selecci\u00f3n. En su caso, se tendr\u00e1 que llenar un formulario por cada obra presentada.<\/p>\n","protected":false},"excerpt":{"rendered":"<p>La asociaci\u00f3n de guionistas de la Comunidad Valenciana, Escritores del Audiovisual Valenciano (EDAV ) y la Fundaci\u00f3n SGAE, a trav\u00e9s del Consejo Territorial de SGAE de la Comunidad Valenciana, convocamos la selecci\u00f3n de trabajos para la XII EDICI\u00d3N De AUTORS EN CURT, muestra de Cortometrajes Valencianos. Cita de referencia Con doce ediciones, Autors en Curt &#8230; <a title=\"AUTORS EN CURT ABRE CONVOCATORIA\" class=\"read-more\" href=\"https:\/\/www.edav.es\/es\/autors-en-curt-abre-convocatoria-2\/\" aria-label=\"Leer m\u00e1s sobre AUTORS EN CURT ABRE CONVOCATORIA\">Leer m\u00e1s<\/a><\/p>\n","protected":false},"author":318,"featured_media":10715,"comment_status":"open","ping_status":"open","sticky":false,"template":"","format":"standard","meta":{"_acf_changed":false,"generate_page_header":"","footnotes":""},"categories":[1],"tags":[],"class_list":["post-10718","post","type-post","status-publish","format-standard","has-post-thumbnail","hentry","category-noticias","infinite-scroll-item","masonry-post","generate-columns","tablet-grid-50","mobile-grid-100","grid-parent","grid-50"],"acf":[],"aioseo_notices":[],"_links":{"self":[{"href":"https:\/\/www.edav.es\/es\/wp-json\/wp\/v2\/posts\/10718","targetHints":{"allow":["GET"]}}],"collection":[{"href":"https:\/\/www.edav.es\/es\/wp-json\/wp\/v2\/posts"}],"about":[{"href":"https:\/\/www.edav.es\/es\/wp-json\/wp\/v2\/types\/post"}],"author":[{"embeddable":true,"href":"https:\/\/www.edav.es\/es\/wp-json\/wp\/v2\/users\/318"}],"replies":[{"embeddable":true,"href":"https:\/\/www.edav.es\/es\/wp-json\/wp\/v2\/comments?post=10718"}],"version-history":[{"count":5,"href":"https:\/\/www.edav.es\/es\/wp-json\/wp\/v2\/posts\/10718\/revisions"}],"predecessor-version":[{"id":10742,"href":"https:\/\/www.edav.es\/es\/wp-json\/wp\/v2\/posts\/10718\/revisions\/10742"}],"wp:featuredmedia":[{"embeddable":true,"href":"https:\/\/www.edav.es\/es\/wp-json\/wp\/v2\/media\/10715"}],"wp:attachment":[{"href":"https:\/\/www.edav.es\/es\/wp-json\/wp\/v2\/media?parent=10718"}],"wp:term":[{"taxonomy":"category","embeddable":true,"href":"https:\/\/www.edav.es\/es\/wp-json\/wp\/v2\/categories?post=10718"},{"taxonomy":"post_tag","embeddable":true,"href":"https:\/\/www.edav.es\/es\/wp-json\/wp\/v2\/tags?post=10718"}],"curies":[{"name":"wp","href":"https:\/\/api.w.org\/{rel}","templated":true}]}}