{"id":1148,"date":"2012-06-15T11:50:20","date_gmt":"2012-06-15T10:50:20","guid":{"rendered":"http:\/\/www.edav.es\/?p=1148"},"modified":"2024-05-22T11:29:19","modified_gmt":"2024-05-22T09:29:19","slug":"el-director-paco-plaza-explicara-su-vision-del-guionista-el-proximo-martes","status":"publish","type":"post","link":"https:\/\/www.edav.es\/es\/el-director-paco-plaza-explicara-su-vision-del-guionista-el-proximo-martes\/","title":{"rendered":"El director Paco Plaza explicar\u00e1 su visi\u00f3n del guionista en Cinema Jove"},"content":{"rendered":"<p><a href=\"http:\/\/www.edav.es\/el-director-paco-plaza-explicara-su-vision-del-guionista-el-proximo-martes\/rec-3-rueda-prensa-04\/\" rel=\"attachment wp-att-1149\"><img loading=\"lazy\" decoding=\"async\" class=\"alignleft size-thumbnail wp-image-1149\" title=\"REC-3-rueda-prensa-04\" src=\"http:\/\/www.edav.es\/wp-content\/uploads\/REC-3-rueda-prensa-04-150x150.jpg\" alt=\"\" width=\"150\" height=\"150\" srcset=\"https:\/\/www.edav.es\/wp-content\/uploads\/REC-3-rueda-prensa-04-150x150.jpg 150w, https:\/\/www.edav.es\/wp-content\/uploads\/REC-3-rueda-prensa-04-80x80.jpg 80w\" sizes=\"auto, (max-width: 150px) 100vw, 150px\" \/><\/a>Paco Plaza, director de pel\u00edculas como \u00a0<em>El segundo nombre<\/em>, <em>Romasanta<\/em>, <em>Cuento de Navidad<\/em>, <em>REC<\/em>, <em>REC 2 y<\/em>\u00a0<em>REC 3G\u00e9nesis<\/em>\u00a0, ser\u00e1 el protagonista de un encuentro organizado por EDAV y CinemaJove\u00a0el martes 19 de junio\u00a0. A partir de las 19.00 horas, en el Hotel Astoria Palace de Valencia, Plaza expondr\u00e1 su visi\u00f3n del guionista y\u00a0nos contar\u00e1 su experiencia de trabajo al lado de profesionales como Luiso Berdejo, Alberto Marini, Fernando Mar\u00edas y otros escritores que lo han acompa\u00f1ado a lo largo de 10 a\u00f1os de carrera.<!--more--><\/p>\n<p style=\"text-align: justify;\" align=\"center\">Consagrados guionistas suelen hablar de sus experiencias trabajando para un determinado director. Pero \u00bfqu\u00e9 piensa un experimentado director sobre c\u00f3mo debe ser el trabajo en equipo con su guionista?, \u00bfqu\u00e9 espera el director cuando crea un t\u00e1ndem creativo?, \u00bfc\u00f3mo es el proceso cuando el director es llamado para dirigir un gui\u00f3n iniciado o ya acabado por un escritor?, \u00bfhasta d\u00f3nde llega el camino del\u00a0\u00a0guionista al lado del director?<\/p>\n<p style=\"text-align: justify;\" align=\"center\">Para conocer la respuesta,\u00a0CinemaJove y EDAV te invitan el\u00a0martes 19 de junio a la jornada <em>El guionista visto por el director, <\/em>un<em>\u00a0e<\/em>ncuentro con Paco Plaza (director de <em>El segundo nombre<\/em>, <em>Romasanta<\/em>, <em>Cuento de Navidad<\/em>, <em>REC<\/em>, <em>REC 2<\/em>, <em>REC 3 G\u00e9nesis<\/em>) y\u00a0presentado por Rafa Ferrero (EDAV). Ser\u00e1 a partir de las 19.00 horas en el Hotel Astoria Palace de Valencia.<\/p>\n<p>Paco Plaza nos contar\u00e1 su experiencia de trabajo al lado de guionistas profesionales como Luiso Berdejo, Alberto Marini, Fernando Mar\u00edas y otros escritores que lo han acompa\u00f1ado a lo largo de 10 a\u00f1os de carrera; as\u00ed como su experiencia escribiendo al lado de su codirector en REC 1 y 2 Jaume Balaguer\u00f3.<\/p>\n<p>\u00a1No te lo pierdas! \u00a1Te esperamos!<\/p>\n","protected":false},"excerpt":{"rendered":"<p>Paco Plaza, director de pel\u00edculas como \u00a0El segundo nombre, Romasanta, Cuento de Navidad, REC, REC 2 y\u00a0REC 3G\u00e9nesis\u00a0, ser\u00e1 el protagonista de un encuentro organizado por EDAV y CinemaJove\u00a0el martes 19 de junio\u00a0. A partir de las 19.00 horas, en el Hotel Astoria Palace de Valencia, Plaza expondr\u00e1 su visi\u00f3n del guionista y\u00a0nos contar\u00e1 su &#8230; <a title=\"El director Paco Plaza explicar\u00e1 su visi\u00f3n del guionista en Cinema Jove\" class=\"read-more\" href=\"https:\/\/www.edav.es\/es\/el-director-paco-plaza-explicara-su-vision-del-guionista-el-proximo-martes\/\" aria-label=\"Leer m\u00e1s sobre El director Paco Plaza explicar\u00e1 su visi\u00f3n del guionista en Cinema Jove\">Leer m\u00e1s<\/a><\/p>\n","protected":false},"author":318,"featured_media":0,"comment_status":"open","ping_status":"open","sticky":false,"template":"","format":"standard","meta":{"_acf_changed":false,"generate_page_header":"","footnotes":""},"categories":[1],"tags":[],"class_list":["post-1148","post","type-post","status-publish","format-standard","hentry","category-noticias","infinite-scroll-item","masonry-post","generate-columns","tablet-grid-50","mobile-grid-100","grid-parent","grid-50"],"acf":[],"aioseo_notices":[],"_links":{"self":[{"href":"https:\/\/www.edav.es\/es\/wp-json\/wp\/v2\/posts\/1148","targetHints":{"allow":["GET"]}}],"collection":[{"href":"https:\/\/www.edav.es\/es\/wp-json\/wp\/v2\/posts"}],"about":[{"href":"https:\/\/www.edav.es\/es\/wp-json\/wp\/v2\/types\/post"}],"author":[{"embeddable":true,"href":"https:\/\/www.edav.es\/es\/wp-json\/wp\/v2\/users\/318"}],"replies":[{"embeddable":true,"href":"https:\/\/www.edav.es\/es\/wp-json\/wp\/v2\/comments?post=1148"}],"version-history":[{"count":27,"href":"https:\/\/www.edav.es\/es\/wp-json\/wp\/v2\/posts\/1148\/revisions"}],"predecessor-version":[{"id":1176,"href":"https:\/\/www.edav.es\/es\/wp-json\/wp\/v2\/posts\/1148\/revisions\/1176"}],"wp:attachment":[{"href":"https:\/\/www.edav.es\/es\/wp-json\/wp\/v2\/media?parent=1148"}],"wp:term":[{"taxonomy":"category","embeddable":true,"href":"https:\/\/www.edav.es\/es\/wp-json\/wp\/v2\/categories?post=1148"},{"taxonomy":"post_tag","embeddable":true,"href":"https:\/\/www.edav.es\/es\/wp-json\/wp\/v2\/tags?post=1148"}],"curies":[{"name":"wp","href":"https:\/\/api.w.org\/{rel}","templated":true}]}}