{"id":11565,"date":"2025-02-28T10:06:31","date_gmt":"2025-02-28T09:06:31","guid":{"rendered":"https:\/\/www.edav.es\/?p=11565"},"modified":"2025-02-28T10:11:28","modified_gmt":"2025-02-28T09:11:28","slug":"one-to-one-2025-convocatoria-abierta","status":"publish","type":"post","link":"https:\/\/www.edav.es\/es\/one-to-one-2025-convocatoria-abierta\/","title":{"rendered":"ONE TO ONE 2025: CONVOCATORIA ABIERTA"},"content":{"rendered":"<p><img loading=\"lazy\" decoding=\"async\" class=\"alignnone size-medium wp-image-11562 aligncenter\" src=\"https:\/\/www.edav.es\/wp-content\/uploads\/2025\/02\/Logo-One-To-One-color-1-300x300.jpg\" alt=\"\" width=\"300\" height=\"300\" srcset=\"https:\/\/www.edav.es\/wp-content\/uploads\/2025\/02\/Logo-One-To-One-color-1-300x300.jpg 300w, https:\/\/www.edav.es\/wp-content\/uploads\/2025\/02\/Logo-One-To-One-color-1-1024x1024.jpg 1024w, https:\/\/www.edav.es\/wp-content\/uploads\/2025\/02\/Logo-One-To-One-color-1-150x150.jpg 150w, https:\/\/www.edav.es\/wp-content\/uploads\/2025\/02\/Logo-One-To-One-color-1-768x768.jpg 768w, https:\/\/www.edav.es\/wp-content\/uploads\/2025\/02\/Logo-One-To-One-color-1-1536x1536.jpg 1536w, https:\/\/www.edav.es\/wp-content\/uploads\/2025\/02\/Logo-One-To-One-color-1-2048x2048.jpg 2048w\" sizes=\"auto, (max-width: 300px) 100vw, 300px\" \/><\/p>\n<p style=\"text-align: center;\"><b>EDAV y la Fundaci\u00f3n SGAE abren la convocatoria de proyectos para su evento audiovisual One to One<\/b><\/p>\n<p style=\"text-align: center;\"><i><span style=\"font-weight: 400;\">La presentaci\u00f3n y las reuniones con productoras tendr\u00e1n lugar en el mes de junio en Valencia<\/span><\/i><\/p>\n<p style=\"text-align: center;\">\n<b>PLAZO DE INSCRIPCI\u00d3N: Del lunes 3 de marzo al domingo 30 de marzo a las 23:59h.<\/b><\/p>\n<p><span style=\"font-weight: 400;\">La asociaci\u00f3n de guionistas de la Comunidad Valenciana, <\/span><b>Escriptors de l\u2019Audiovisual Valenci\u00e0 (EDAV) <\/b><span style=\"font-weight: 400;\">y la <\/span><b>Fundaci\u00f3n SGAE <\/b><span style=\"font-weight: 400;\">han abierto la convocatoria para la recepci\u00f3n de proyectos de la XI edici\u00f3n de su evento para profesionales valencianos del audiovisual <\/span><b>One to One<\/b><span style=\"font-weight: 400;\">. La iniciativa se celebrar\u00e1 el pr\u00f3ximo <\/span><b>26 de junio<\/b><span style=\"font-weight: 400;\">.<\/span><\/p>\n<p><b>Un evento para apoyar a los creadores audiovisuales de la Comunidad Valenciana<\/b><\/p>\n<p><b>One to One <\/b><span style=\"font-weight: 400;\">es un evento dirigido a profesionales valencianos que naci\u00f3 con el objetivo de impulsar y facilitar el desarrollo de obras para cine y televisi\u00f3n con sello valenciano. Desde su <\/span><b>primera edici\u00f3n, en 2015,<\/b><span style=\"font-weight: 400;\"> el evento ha permitido a numerosos creadores y creadoras audiovisuales de la Comunidad Valenciana presentar sus proyectos a empresas productoras propiciando la creaci\u00f3n de nuevas obras. Es el caso de los largometrajes Vivir dos veces, de Mar\u00eda M\u00ednguez; y Quan no acaba la nit, de \u00d3scar Mont\u00f3n y Tirso Calero, as\u00ed como la compra de t\u00edtulos como el documental Tiempo y cartones, de Luis Ponce.\u00a0<\/span><\/p>\n<p><b>Ventajas para los autores de los proyectos seleccionados<\/b><\/p>\n<p><span style=\"font-weight: 400;\">Los participantes en este evento, podr\u00e1n disfrutar de un servicio de tutor\u00edas, organizado por la Fundaci\u00f3n SGAE y EDAV, a lo largo del mes de mayo. Con esta formaci\u00f3n tendr\u00e1n la oportunidad de trabajar en sus propias presentaciones y mejorar sus proyectos de la mano de los especialistas reconocidos del sector. Al finalizar las tutor\u00edas se completar\u00e1 la formaci\u00f3n de los creadores participantes con un taller de preparaci\u00f3n al pitch.<\/span><\/p>\n<p><span style=\"font-weight: 400;\">La inscripci\u00f3n de proyectos estar\u00e1 abierta hasta el 30 de marzo. A principios del mes de mayo la organizaci\u00f3n comunicar\u00e1 los proyectos seleccionados: seis en la categor\u00eda de largometrajes de ficci\u00f3n y seis en la categor\u00eda de televisi\u00f3n, para series o miniseries de ficci\u00f3n. Las tutor\u00edas se desarrollar\u00e1n durante el mes de mayo y junio, hasta el 26 de junio fecha en la que tendr\u00e1 lugar la presentaci\u00f3n de los proyectos y las reuniones con las productoras asistentes al evento.<\/span><\/p>\n<p><span style=\"font-weight: 400;\">One to One es un evento para guionistas exclusivamente valencianos, residentes o no en la Comunidad Valenciana, y guionistas residentes en la Comunidad Valenciana, con un proyecto de ficci\u00f3n (cine o televisi\u00f3n) en fase de escritura o desarrollo que buscan productor\/a o co-productor\/a.<\/span><\/p>\n<p>&nbsp;<\/p>\n<p><a href=\"https:\/\/docs.google.com\/document\/d\/1NCW98sZGpj5DnZ98dD_xDbacfTn3uQ22\/edit?usp=sharing&amp;ouid=108631415298355920118&amp;rtpof=true&amp;sd=true\"><span style=\"font-weight: 400;\">CONVOCATORIA\u00a0<\/span><\/a><\/p>\n<p><a href=\"https:\/\/forms.gle\/yhdEs552dk7huypF9\"><span style=\"font-weight: 400;\">INSCRIPCI\u00d3N<\/span><\/a><\/p>\n<p>Dudas: edavasoc@gmail.com<\/p>\n","protected":false},"excerpt":{"rendered":"<p>EDAV y la Fundaci\u00f3n SGAE abren la convocatoria de proyectos para su evento audiovisual One to One La presentaci\u00f3n y las reuniones con productoras tendr\u00e1n lugar en el mes de junio en Valencia PLAZO DE INSCRIPCI\u00d3N: Del lunes 3 de marzo al domingo 30 de marzo a las 23:59h. La asociaci\u00f3n de guionistas de la &#8230; <a title=\"ONE TO ONE 2025: CONVOCATORIA ABIERTA\" class=\"read-more\" href=\"https:\/\/www.edav.es\/es\/one-to-one-2025-convocatoria-abierta\/\" aria-label=\"Leer m\u00e1s sobre ONE TO ONE 2025: CONVOCATORIA ABIERTA\">Leer m\u00e1s<\/a><\/p>\n","protected":false},"author":318,"featured_media":11562,"comment_status":"open","ping_status":"open","sticky":false,"template":"","format":"standard","meta":{"_acf_changed":false,"generate_page_header":"","footnotes":""},"categories":[1],"tags":[],"class_list":["post-11565","post","type-post","status-publish","format-standard","has-post-thumbnail","hentry","category-noticias","infinite-scroll-item","masonry-post","generate-columns","tablet-grid-50","mobile-grid-100","grid-parent","grid-50"],"acf":[],"aioseo_notices":[],"_links":{"self":[{"href":"https:\/\/www.edav.es\/es\/wp-json\/wp\/v2\/posts\/11565","targetHints":{"allow":["GET"]}}],"collection":[{"href":"https:\/\/www.edav.es\/es\/wp-json\/wp\/v2\/posts"}],"about":[{"href":"https:\/\/www.edav.es\/es\/wp-json\/wp\/v2\/types\/post"}],"author":[{"embeddable":true,"href":"https:\/\/www.edav.es\/es\/wp-json\/wp\/v2\/users\/318"}],"replies":[{"embeddable":true,"href":"https:\/\/www.edav.es\/es\/wp-json\/wp\/v2\/comments?post=11565"}],"version-history":[{"count":1,"href":"https:\/\/www.edav.es\/es\/wp-json\/wp\/v2\/posts\/11565\/revisions"}],"predecessor-version":[{"id":11566,"href":"https:\/\/www.edav.es\/es\/wp-json\/wp\/v2\/posts\/11565\/revisions\/11566"}],"wp:featuredmedia":[{"embeddable":true,"href":"https:\/\/www.edav.es\/es\/wp-json\/wp\/v2\/media\/11562"}],"wp:attachment":[{"href":"https:\/\/www.edav.es\/es\/wp-json\/wp\/v2\/media?parent=11565"}],"wp:term":[{"taxonomy":"category","embeddable":true,"href":"https:\/\/www.edav.es\/es\/wp-json\/wp\/v2\/categories?post=11565"},{"taxonomy":"post_tag","embeddable":true,"href":"https:\/\/www.edav.es\/es\/wp-json\/wp\/v2\/tags?post=11565"}],"curies":[{"name":"wp","href":"https:\/\/api.w.org\/{rel}","templated":true}]}}