{"id":11643,"date":"2025-05-13T12:50:25","date_gmt":"2025-05-13T10:50:25","guid":{"rendered":"https:\/\/www.edav.es\/?p=11643"},"modified":"2025-05-13T13:00:24","modified_gmt":"2025-05-13T11:00:24","slug":"1t1-2025-estos-son-los-proyectos-seleccionados","status":"publish","type":"post","link":"https:\/\/www.edav.es\/es\/1t1-2025-estos-son-los-proyectos-seleccionados\/","title":{"rendered":"1T1 2025: ESTOS SON LOS PROYECTOS SELECCIONADOS"},"content":{"rendered":"<p><span style=\"font-weight: 400;\">Ya est\u00e1n definidos los doce proyectos que dar\u00e1n vida a la und\u00e9cima edici\u00f3n del evento One to One de EDAV y la Fundaci\u00f3n SGAE, que en 2025 renueva su apuesta por el asesoramiento, formaci\u00f3n y contacto directo con las productoras, con una nueva entrega cargada de talento. La iniciativa, que re\u00fane a los creadores valencianos con productoras de todo el pa\u00eds con el objetivo de desarrollar el talento local, cuenta con el apoyo un a\u00f1o m\u00e1s de las asociaciones de productores valencianos (PAV, AVANT y AVAPI) y el patrocinio de \u00c0 Punt.<\/span><\/p>\n<p><span style=\"font-weight: 400;\">En total se han seleccionado seis proyectos de largometrajes de ficci\u00f3n y otros tantos de series para televisi\u00f3n. Los doce proyectos se presentar\u00e1n en un pitch que se celebrar\u00e1 el 26 de junio por la ma\u00f1ana. Durante la tarde tendr\u00e1n lugar las reuniones uno a uno.<\/span><\/p>\n<p><span style=\"font-weight: 400;\">Los t\u00edtulos escogidos en la primera categor\u00eda son los siguientes:\u00a0<\/span><\/p>\n<p><b>La mujer de hierro <\/b><span style=\"font-weight: 400;\">de Nacho Ruip\u00e9rez Fern\u00e1ndez; <\/span><b>El infinito bajo tierra<\/b><span style=\"font-weight: 400;\"> de Alberto Evangelio Ramos y Jorge Navarro de Lemus; <\/span><b>Los avatares de Lola<\/b><span style=\"font-weight: 400;\"> de Beatriz Garc\u00eda Al\u00f3s; <\/span><b>Muerde<\/b><span style=\"font-weight: 400;\"> de Jos\u00e9 Sospedra; <\/span><b>Lady Macbeth <\/b><span style=\"font-weight: 400;\">de Ana Piles Gim\u00e9nez y <\/span><b>La Bruja <\/b><span style=\"font-weight: 400;\">de Luc\u00eda Blasco.\u00a0<\/span><\/p>\n<p><img loading=\"lazy\" decoding=\"async\" class=\"aligncenter wp-image-11647 size-large\" src=\"https:\/\/www.edav.es\/wp-content\/uploads\/2025\/05\/IMG_0218-1024x768.jpg\" alt=\"\" width=\"1024\" height=\"768\" srcset=\"https:\/\/www.edav.es\/wp-content\/uploads\/2025\/05\/IMG_0218-1024x768.jpg 1024w, https:\/\/www.edav.es\/wp-content\/uploads\/2025\/05\/IMG_0218-300x225.jpg 300w, https:\/\/www.edav.es\/wp-content\/uploads\/2025\/05\/IMG_0218-768x576.jpg 768w, https:\/\/www.edav.es\/wp-content\/uploads\/2025\/05\/IMG_0218-1536x1152.jpg 1536w, https:\/\/www.edav.es\/wp-content\/uploads\/2025\/05\/IMG_0218-2048x1536.jpg 2048w\" sizes=\"auto, (max-width: 1024px) 100vw, 1024px\" \/><\/p>\n<p><span style=\"font-weight: 400;\">Por otro lado, en el apartado de series, los trabajos seleccionados son:<\/span><\/p>\n<p><b>Jabato <\/b><span style=\"font-weight: 400;\">de Joan Carles Albalat; <\/span><b>Valent\u00edn <\/b><span style=\"font-weight: 400;\">de Marina Igual e Iv\u00e1n Fern\u00e1ndez de C\u00f3rdoba; <\/span><b>Malvas\u00eda <\/b><span style=\"font-weight: 400;\">de Laura P\u00e9rez G\u00f3mez; <\/span><b>El rey mago<\/b><span style=\"font-weight: 400;\"> de Alexandre Mart\u00ednez Orts y Sergi Tellols Rizo; <\/span><b>Once contra una<\/b><span style=\"font-weight: 400;\"> de Mar\u00eda Vanacloig S\u00e1nchez y <\/span><b>Amordazados <\/b><span style=\"font-weight: 400;\">de Ricardo Garijo Lima.\u00a0<\/span><\/p>\n<p><img loading=\"lazy\" decoding=\"async\" class=\"aligncenter wp-image-11653 size-large\" src=\"https:\/\/www.edav.es\/wp-content\/uploads\/2025\/05\/IMG_7554-1024x768.jpg\" alt=\"\" width=\"1024\" height=\"768\" srcset=\"https:\/\/www.edav.es\/wp-content\/uploads\/2025\/05\/IMG_7554-1024x768.jpg 1024w, https:\/\/www.edav.es\/wp-content\/uploads\/2025\/05\/IMG_7554-300x225.jpg 300w, https:\/\/www.edav.es\/wp-content\/uploads\/2025\/05\/IMG_7554-768x576.jpg 768w, https:\/\/www.edav.es\/wp-content\/uploads\/2025\/05\/IMG_7554-1536x1152.jpg 1536w, https:\/\/www.edav.es\/wp-content\/uploads\/2025\/05\/IMG_7554-2048x1536.jpg 2048w\" sizes=\"auto, (max-width: 1024px) 100vw, 1024px\" \/><\/p>\n<p><span style=\"font-weight: 400;\">El comit\u00e9 de selecci\u00f3n ha contado con representantes del Consejo Territorial de SGAE de la Comunidad Valenciana y EDAV, respectivamente, junto a diversos miembros de las asociaciones de productores PAV (Productors Audiovisuals Valencians), AVANT (Asociaci\u00f3n Valenciana de Empresas de Producci\u00f3n Audiovisual y Productores Independientes) y AVAPI (Asociaci\u00f3n Valenciana Audiovisual de Productores Independientes).<\/span><\/p>\n<p><span style=\"font-weight: 400;\">El comit\u00e9 de selecci\u00f3n ha subrayado la notable calidad de los proyectos presentados y de los dossiers que los respaldaban, reflejo del esfuerzo constante de las asociaciones por fomentar la formaci\u00f3n continua de los profesionales, as\u00ed como de la eficacia de iniciativas como talleres y eventos que, como este, comienzan a dar sus frutos.<\/span><\/p>\n<p><span style=\"font-weight: 400;\">Ventajas para los autores de los proyectos seleccionados<\/span><\/p>\n<p><span style=\"font-weight: 400;\">Los participantes en este evento, podr\u00e1n disfrutar de un servicio de tutor\u00edas, organizado por la Fundaci\u00f3n SGAE y EDAV, a lo largo del mes de mayo. Con esta formaci\u00f3n tendr\u00e1n la oportunidad de trabajar en sus propias presentaciones y mejorar sus proyectos, de la mano de los especialistas Tirso Calero (proyectos de series) y \u00c1lvar L\u00f3pez (largometrajes). Al finalizar las tutor\u00edas, la guionista y docente de la ESCAC, Zebina Guerra completar\u00e1 la formaci\u00f3n de los creadores participantes con un taller de preparaci\u00f3n al pitch.\u00a0 Adem\u00e1s, algunos de ellos participar\u00e1n en una iniciativa impulsada desde EDAV para asesorar y acompa\u00f1ar a la realizaci\u00f3n de dossiers profesionales enfocados a la internacionalizaci\u00f3n de los proyectos, asesorados por Isabel Ivars, responsable de ventas internacionales y con gran trayectoria en la industria del cine.\u00a0<\/span><\/p>\n<p><span style=\"font-weight: 400;\">SOBRE LOS TUTORES:<\/span><\/p>\n<p><b>TIRSO CALERO \u2013 Series<\/b><\/p>\n<p><span style=\"font-weight: 400;\">Calero es un guionista muy experimentado en la ficci\u00f3n televisiva.<\/span><\/p>\n<p><span style=\"font-weight: 400;\">En cine, ha dirigido los largometrajes \u201cBlockbuster\u201d (Premio Mejor Gui\u00f3n Festival Cine Alicante, Secci\u00f3n Oficial Festival Internacional Cine Gij\u00f3n) y \u201cCarne Cruda\u201d (Secci\u00f3n Oficial Fantaspoa Porto Alegre), habiendo sido guionista de pel\u00edculas estrenadas en salas comerciales como \u201cMiguel y William\u201d, \u201cBernarda\u201d o \u201cQuan no acaba la nit\u201d.<\/span><\/p>\n<p><span style=\"font-weight: 400;\">Tambi\u00e9n ha escrito y dirigido obras de teatro estrenadas en la Gran V\u00eda (\u201cLove Room\u201d, \u201cSwingers\u201d, \u201cDinamita\u201d, \u201cAguacates\u201d, \u201cTar\u00e1ntula\u201d, \u201cDesgraciados\u201d, \u201c\u00c9xito\u201d). Ha sido autor de dos novelas (\u201cEl \u00faltimo viaje de V\u00edctor Reyes\u201d editada por Planeta, \u201cOzono\u201d editada por Malbec).<\/span><\/p>\n<p><span style=\"font-weight: 400;\">Guionista de tv-movies como \u201cMobbing\u201d (FORTA) y de series como \u201cAmar en tiempos revueltos\u201d (TVE), \u201cAna y los siete\u201d (TVE), \u201cCu\u00e9ntame c\u00f3mo pas\u00f3\u201d (TVE) o \u201cM\u00f3nica Chef\u201d (Disney Channel), Calero ha ejercido de coordinador de guion en \u201cGran Reserva. Origen\u201d (TVE) o \u201cAmar es para siempre\u201d (Antena3TV).<\/span><\/p>\n<p><span style=\"font-weight: 400;\">Ha sido creador y coordinador de guion de \u201cL\u2019Alqueria Blanca\u201d (APunt) y \u201cBandolera\u201d (Antena3TV). Adem\u00e1s, fue el creador, coordinador de guion y co- productor ejecutivo de \u201cServir y Proteger\u201d (TVE).<\/span><\/p>\n<p><span style=\"font-weight: 400;\">Ha desarrollado proyectos de ficci\u00f3n para las principales productoras de este pa\u00eds como Diagonal TV, Boomerang, Brutal Media, Morena Films, DLO\u2026 y ha escrito la miniserie \u201cPirates a Denia\u201d (Ayuda Desarrollo y Ayuda Producci\u00f3n IVC Generalitat Valenciana. Actualmente, en pre-producci\u00f3n)<\/span><\/p>\n<p><span style=\"font-weight: 400;\">De 2021-2023 fue guionista y productor ejecutivo en The Mediapro Studio.<\/span><\/p>\n<p><b>En la actualidad, es Director de Contenidos en Espa\u00f1a para EL ESTUDIO<\/b><span style=\"font-weight: 400;\">, siendo showrunner de las dos series que est\u00e1 desarrollando esta compa\u00f1\u00eda para dos plataformas. Tambi\u00e9n es co-guionista del largometraje \u00abSelectivitat\u00bb (El Estudio &amp; Beniwood).<\/span><\/p>\n<p><b>\u00c1LVAR L\u00d3PEZ \u2013 Largometrajes<\/b><\/p>\n<p><span style=\"font-weight: 400;\">Doble Graduado por la Universitat de Val\u00e8ncia en las carreras de Comunicaci\u00f3n Audiovisual y Periodismo. Especializado en Guion con la Maestr\u00eda de Guion para Cine y Televisi\u00f3n de la Universidad Pontificia de Salamanca.\u00a0<\/span><\/p>\n<p><span style=\"font-weight: 400;\">\u00c0lvar L\u00f3pez es Director de Contenidos de Espa\u00f1a de la productora audiovisual The Immigrant, especializada en el desarrollo y producci\u00f3n de series y pel\u00edculas en M\u00e9xico, Colombia, Estados Unidos y Espa\u00f1a. <\/span><b>Adolfo<\/b><span style=\"font-weight: 400;\">, la primera pel\u00edcula de The Immigrant, <\/span><b>se estren\u00f3 en la Berlinale en 2023 y fue galardonada con el Crystal Bear<\/b><span style=\"font-weight: 400;\">, el premio principal en su categor\u00eda (Generation 14+). En septiembre de 2023 la compa\u00f1\u00eda tambi\u00e9n lanz\u00f3 <\/span><b>su primera serie para ViX, Ella camina sola<\/b><span style=\"font-weight: 400;\">. En 2024 la compa\u00f1\u00eda estren\u00f3 en M\u00e9xico <\/span><b>Nadie nos va a extra\u00f1ar (Prime Video), serie que sigue en el Top 10 desde su estreno<\/b><span style=\"font-weight: 400;\">. En 2025 ha estrenado <\/span><b>su primera serie en Espa\u00f1a, Custodia Repartida<\/b><span style=\"font-weight: 400;\">, dirigida por Javier Fesser para Disney+, y tiene dos series m\u00e1s en postproducci\u00f3n.<\/span><\/p>\n<p><span style=\"font-weight: 400;\">Previo a The Immigrant, \u00c0lvar L\u00f3pez trabaj\u00f3 como <\/span><b>guionista freelance<\/b><span style=\"font-weight: 400;\"> y <\/span><b>analista de gui\u00f3n<\/b> <b>en Filmarket Hub y Bloguionistas<\/b><span style=\"font-weight: 400;\">. Es doble graduado de la Universitat de Val\u00e8ncia en Periodismo y Comunicaci\u00f3n Audiovisual. Como docente, ha impartido clases en la Universitat de Val\u00e8ncia y en la escuela de Arte y Dise\u00f1o Barreira.\u00a0<\/span><\/p>\n<p><b>ZEBINA GUERRA \u2013 Taller de pitch<\/b><\/p>\n<p><b>Zebina Guerra <\/b><span style=\"font-weight: 400;\">es profesora en ESCAC de guion y narrativa. Compatibiliza la labor docente con la escritura de guiones y relatos, y actualmente prepara dos proyectos de largometraje. En 2016 gan\u00f3 el XIII Concurso de Relatos Cortos de Cine, que convoca el Festival Internacional de Cine de Huesca. En 2017 fue finalista del Premio SGAE de Guion Julio Alejandro. <\/span><i><span style=\"font-weight: 400;\">Artes maritales mixtas para una fugitiva<\/span><\/i> <span style=\"font-weight: 400;\">es su primera novela.<\/span><\/p>\n","protected":false},"excerpt":{"rendered":"<p>Ya est\u00e1n definidos los doce proyectos que dar\u00e1n vida a la und\u00e9cima edici\u00f3n del evento One to One de EDAV y la Fundaci\u00f3n SGAE, que en 2025 renueva su apuesta por el asesoramiento, formaci\u00f3n y contacto directo con las productoras, con una nueva entrega cargada de talento. La iniciativa, que re\u00fane a los creadores valencianos &#8230; <a title=\"1T1 2025: ESTOS SON LOS PROYECTOS SELECCIONADOS\" class=\"read-more\" href=\"https:\/\/www.edav.es\/es\/1t1-2025-estos-son-los-proyectos-seleccionados\/\" aria-label=\"Leer m\u00e1s sobre 1T1 2025: ESTOS SON LOS PROYECTOS SELECCIONADOS\">Leer m\u00e1s<\/a><\/p>\n","protected":false},"author":318,"featured_media":11653,"comment_status":"open","ping_status":"open","sticky":false,"template":"","format":"standard","meta":{"_acf_changed":false,"generate_page_header":"","footnotes":""},"categories":[1],"tags":[],"class_list":["post-11643","post","type-post","status-publish","format-standard","has-post-thumbnail","hentry","category-noticias","infinite-scroll-item","masonry-post","generate-columns","tablet-grid-50","mobile-grid-100","grid-parent","grid-50"],"acf":[],"aioseo_notices":[],"_links":{"self":[{"href":"https:\/\/www.edav.es\/es\/wp-json\/wp\/v2\/posts\/11643","targetHints":{"allow":["GET"]}}],"collection":[{"href":"https:\/\/www.edav.es\/es\/wp-json\/wp\/v2\/posts"}],"about":[{"href":"https:\/\/www.edav.es\/es\/wp-json\/wp\/v2\/types\/post"}],"author":[{"embeddable":true,"href":"https:\/\/www.edav.es\/es\/wp-json\/wp\/v2\/users\/318"}],"replies":[{"embeddable":true,"href":"https:\/\/www.edav.es\/es\/wp-json\/wp\/v2\/comments?post=11643"}],"version-history":[{"count":6,"href":"https:\/\/www.edav.es\/es\/wp-json\/wp\/v2\/posts\/11643\/revisions"}],"predecessor-version":[{"id":11662,"href":"https:\/\/www.edav.es\/es\/wp-json\/wp\/v2\/posts\/11643\/revisions\/11662"}],"wp:featuredmedia":[{"embeddable":true,"href":"https:\/\/www.edav.es\/es\/wp-json\/wp\/v2\/media\/11653"}],"wp:attachment":[{"href":"https:\/\/www.edav.es\/es\/wp-json\/wp\/v2\/media?parent=11643"}],"wp:term":[{"taxonomy":"category","embeddable":true,"href":"https:\/\/www.edav.es\/es\/wp-json\/wp\/v2\/categories?post=11643"},{"taxonomy":"post_tag","embeddable":true,"href":"https:\/\/www.edav.es\/es\/wp-json\/wp\/v2\/tags?post=11643"}],"curies":[{"name":"wp","href":"https:\/\/api.w.org\/{rel}","templated":true}]}}