{"id":12115,"date":"2025-09-26T12:00:49","date_gmt":"2025-09-26T10:00:49","guid":{"rendered":"https:\/\/www.edav.es\/el-gallego-luis-miles-gana-la-vii-edicion-de-la-traca\/"},"modified":"2026-03-09T09:27:38","modified_gmt":"2026-03-09T08:27:38","slug":"el-gallego-luis-miles-gana-la-vii-edicion-de-la-traca","status":"publish","type":"post","link":"https:\/\/www.edav.es\/es\/el-gallego-luis-miles-gana-la-vii-edicion-de-la-traca\/","title":{"rendered":"El gallego Luis Miles gana la VII edici\u00f3n de La Traca"},"content":{"rendered":"\r\n<p>La comedia \u201cAmparo, pero no olvido\u201d, del guionista Luis Miles, ha resultado ganadora de esta s\u00e9ptima edici\u00f3n del concurso que convoca EDAV, la asociaci\u00f3n de guionistas de la Comunidad Valenciana, que desde 2017 premia los mejores guiones nacionales de largometraje de comedia.<\/p>\r\n\r\n\r\n\r\n<p>Salva Torrent, alcalde del municipio valenciano de L&#8217;Eliana dio a conocer al ganador este pasado jueves en un acto celebrado en el Centro Sociocultural de la poblaci\u00f3n. As\u00ed mismo, las obras finalistas de esta edici\u00f3n han sido \u201cEl sue\u00f1o de la raz\u00f3n\u201d, de Alfonso Amador, y \u201cCr\u00edo\u201d, de Santi San Mart\u00edn.<\/p>\r\n\r\n\r\n<div class=\"wp-block-image\">\r\n<figure class=\"aligncenter size-full\"><img loading=\"lazy\" decoding=\"async\" width=\"820\" height=\"615\" class=\"wp-image-12102\" src=\"https:\/\/www.edav.es\/wp-content\/uploads\/2025\/09\/guanyador-vii-edicio-la-traca-1.jpg\" alt=\"premios VII edicion Concurso La Traca\" srcset=\"https:\/\/www.edav.es\/wp-content\/uploads\/2025\/09\/guanyador-vii-edicio-la-traca-1.jpg 820w, https:\/\/www.edav.es\/wp-content\/uploads\/2025\/09\/guanyador-vii-edicio-la-traca-1-300x225.jpg 300w, https:\/\/www.edav.es\/wp-content\/uploads\/2025\/09\/guanyador-vii-edicio-la-traca-1-768x576.jpg 768w\" sizes=\"auto, (max-width: 820px) 100vw, 820px\" \/><\/figure>\r\n<\/div>\r\n\r\n\r\n<p>Luis Miles, autor de \u201cAmparo, pero no olvido\u00bb, ha desarrollado toda su carrera profesional en el \u00e1mbito gallego como guionista y director de programas. Desde mediados de los 90 est\u00e1 asociado a la comedia por sus cr\u00e9ditos en las producciones m\u00e1s populares de la Televisi\u00f3n de Galicia, TVG: \u00abAir Galicia\u00bb, \u00abPratos combinados\u00bb, \u00abO show dos Tonechos\u00bb, \u00abMalo ser\u00e1\u00bb, \u00abLand Rober Tunai Show\u00bb y muchas otras. Tambi\u00e9n ha escrito stand up, publicidad, documentales y largometrajes.<\/p>\r\n\r\n\r\n\r\n<p>El jurado de esta edici\u00f3n ha estado compuesto por la experimentada showrunner, productora ejecutiva y guionista Ada Hern\u00e1ndez junto a Manu March y Fernando Erre, ganadores de la pasada edici\u00f3n del concurso con su gui\u00f3n \u201cLa Plaza\u201d. Los dos han destacado como guionistas de programas de \u00e9xito como Vaya Semanita, S\u00e9 lo que hicisteis, Cachitos de hierro y cromo o los especiales de Nochevieja de Jos\u00e9 Mota. Ambos acumulan varios premios por su trabajo en televisi\u00f3n.<\/p>\r\n\r\n\r\n<div class=\"wp-block-image\">\r\n<figure class=\"aligncenter size-full\"><img loading=\"lazy\" decoding=\"async\" width=\"820\" height=\"615\" class=\"wp-image-12110\" src=\"https:\/\/www.edav.es\/wp-content\/uploads\/2025\/09\/guanyador-vii-edicio-la-traca-5.jpg\" alt=\"Luis Miles Premiado VII edicion Concurso La Traca\" srcset=\"https:\/\/www.edav.es\/wp-content\/uploads\/2025\/09\/guanyador-vii-edicio-la-traca-5.jpg 820w, https:\/\/www.edav.es\/wp-content\/uploads\/2025\/09\/guanyador-vii-edicio-la-traca-5-300x225.jpg 300w, https:\/\/www.edav.es\/wp-content\/uploads\/2025\/09\/guanyador-vii-edicio-la-traca-5-768x576.jpg 768w\" sizes=\"auto, (max-width: 820px) 100vw, 820px\" \/><\/figure>\r\n<\/div>\r\n\r\n\r\n<p>Seg\u00fan reza el acta del jurado, han decidido otorgar a \u201cAmparo,pero no olvido\u201d el premio de esta edici\u00f3n \u201cPor la originalidad de la propuesta y su destacado sentido del humor, de la mano de una deliciosa protagonista octogenaria. Un gui\u00f3n que desliza varias importantes denuncias, sin traicionar su vocaci\u00f3n de comedia y sin caer en un tono panfletario. Por su marcada identidad local, su potente calidad cinematogr\u00e1fica y por la composici\u00f3n de un personaje de la tercera edad alejado de los t\u00f3picos.\u201d.<\/p>\r\n\r\n\r\n\r\n<p>El jurado tambi\u00e9n ha querido hacer menci\u00f3n a las obras finalistas, destacando \u201cLa ejecuci\u00f3n impecable del gui\u00f3n El sue\u00f1o de la raz\u00f3n y su capacidad para mezclar g\u00e9neros con coherencia, as\u00ed como la valiente exposici\u00f3n autoral derivada del dise\u00f1o de un personaje que es un profesional del cine\u201d. Tambi\u00e9n ha querido destacar \u201cLa comicidad que despliegan las escenas de Cr\u00edo y la audacia que supone construir esta comedia con ingredientes de la ciencia ficci\u00f3n\u201d.<\/p>\r\n\r\n\r\n<div class=\"wp-block-image\">\r\n<figure class=\"aligncenter size-full\"><img loading=\"lazy\" decoding=\"async\" width=\"820\" height=\"615\" class=\"wp-image-12104\" src=\"https:\/\/www.edav.es\/wp-content\/uploads\/2025\/09\/guanyador-vii-edicio-la-traca-2.jpg\" alt=\"Alfonso Amador finalista a los premios VII edicion Concurso La Traca\" srcset=\"https:\/\/www.edav.es\/wp-content\/uploads\/2025\/09\/guanyador-vii-edicio-la-traca-2.jpg 820w, https:\/\/www.edav.es\/wp-content\/uploads\/2025\/09\/guanyador-vii-edicio-la-traca-2-300x225.jpg 300w, https:\/\/www.edav.es\/wp-content\/uploads\/2025\/09\/guanyador-vii-edicio-la-traca-2-768x576.jpg 768w\" sizes=\"auto, (max-width: 820px) 100vw, 820px\" \/><\/figure>\r\n<\/div>\r\n\r\n<div class=\"wp-block-image\">\r\n<figure class=\"aligncenter size-full\"><img loading=\"lazy\" decoding=\"async\" width=\"820\" height=\"615\" class=\"wp-image-12108\" src=\"https:\/\/www.edav.es\/wp-content\/uploads\/2025\/09\/guanyador-vii-edicio-la-traca-4.jpg\" alt=\"Santi San Mart\u00edn finalista a los premios VII edicion Concurso La Traca\" srcset=\"https:\/\/www.edav.es\/wp-content\/uploads\/2025\/09\/guanyador-vii-edicio-la-traca-4.jpg 820w, https:\/\/www.edav.es\/wp-content\/uploads\/2025\/09\/guanyador-vii-edicio-la-traca-4-300x225.jpg 300w, https:\/\/www.edav.es\/wp-content\/uploads\/2025\/09\/guanyador-vii-edicio-la-traca-4-768x576.jpg 768w\" sizes=\"auto, (max-width: 820px) 100vw, 820px\" \/><\/figure>\r\n<\/div>\r\n\r\n\r\n<h2 class=\"wp-block-heading\">La Traca: un impulso para desarrollar comedias de calidad<\/h2>\r\n\r\n\r\n\r\n<p>El premio tiene una dotaci\u00f3n de 2.000 \u20ac. Adem\u00e1s, el gui\u00f3n ganador y los dos finalistas, se ponen a disposici\u00f3n de varias empresas productoras nacionales que han solicitado su acceso, cumpli\u00e9ndose as\u00ed el objetivo del concurso de dar m\u00e1s visibilidad y oportunidades al trabajo de los guionistas.<\/p>\r\n\r\n\r\n\r\n<p>El alcalde de l&#8217;Eliana, Salva Torrent, destacaba el compromiso hist\u00f3rico de ese ayuntamiento con el cine y la cultura y subrayaba que \u201ceste tipo de iniciativas son importantes para visibilizar el potencial de los trabajos de los autores y han de servir como impulso para que estos guiones se den a conocer con el objetivo de que se conviertan en pel\u00edculas\u201d. En el caso de La Traca, ya existe un precedente: la pel\u00edcula \u201cEn temporada baja\u201d, dirigida por David Marqu\u00e9s, que tiene su origen en el guion ganador de la primera edici\u00f3n de La Traca, de los vascos Asier Guerricaetxebarria, Javier Ech\u00e1niz y Ion Iriarte . Desde su creaci\u00f3n en 2017, y con tan solo 7 ediciones a sus espaldas, el concurso puede presumir de contar con una pel\u00edcula estrenada, dos guiones en desarrollo, un tercero adquirido y ya en preproducci\u00f3n y una opci\u00f3n firmada para desarrollar otro de los guiones finalistas de ediciones anteriores.<\/p>\r\n\r\n\r\n<div class=\"wp-block-image\">\r\n<figure class=\"aligncenter size-full\"><img loading=\"lazy\" decoding=\"async\" width=\"820\" height=\"615\" class=\"wp-image-12106\" src=\"https:\/\/www.edav.es\/wp-content\/uploads\/2025\/09\/guanyador-vii-edicio-la-traca-3.jpg\" alt=\"Luis Miles ganador del premio VII edicion Concurso La Traca\" srcset=\"https:\/\/www.edav.es\/wp-content\/uploads\/2025\/09\/guanyador-vii-edicio-la-traca-3.jpg 820w, https:\/\/www.edav.es\/wp-content\/uploads\/2025\/09\/guanyador-vii-edicio-la-traca-3-300x225.jpg 300w, https:\/\/www.edav.es\/wp-content\/uploads\/2025\/09\/guanyador-vii-edicio-la-traca-3-768x576.jpg 768w\" sizes=\"auto, (max-width: 820px) 100vw, 820px\" \/><\/figure>\r\n<\/div>\r\n\r\n\r\n<h2 class=\"wp-block-heading\">Lo carga el diablo: otra genial comedia de Los Hermanos Polo<\/h2>\r\n\r\n\r\n\r\n<p>Como viene siendo habitual, como complemento al acto de entrega de premios se proyect\u00f3 la pel\u00edcula Lo carga el diablo, del director, guionista y productor Guillermo Polo.<\/p>\r\n\r\n\r\n\r\n<p>Guillermo Polo lleva trabajando en el sector del cine y audiovisual desde 2008. Tambi\u00e9n ha trabajado en numerosas ocasiones como director de fotograf\u00eda, algo que indudablemente tiene influencia visual en su trabajo como director. Junto a su hermano Javier fundaron la productora Los Hermanos Polo en 2017, con la que han cosechado numerosos premios y nominaciones, entre ellos una nominaci\u00f3n a los premios Goya o los Gaudi.<\/p>\r\n\r\n\r\n\r\n<p>Lo carga el diablo es su \u00f3pera prima como director. La pel\u00edcula, coescrita junto a David Pascual, Guillermo Guerrero y Vicente Pe\u00f1arrocha, est\u00e1 protagonizada por <a title=\"\" href=\"https:\/\/es.wikipedia.org\/wiki\/Pablo_Molinero\" target=\"_blank\" rel=\"noopener\">Pablo Molinero<\/a> e <a title=\"\" href=\"https:\/\/es.wikipedia.org\/wiki\/Isak_F%C3%A9rriz\" target=\"_blank\" rel=\"noopener\">Isak F\u00e9rriz<\/a>. Se estren\u00f3 en el <a title=\"\" href=\"https:\/\/es.wikipedia.org\/wiki\/Festival_Internacional_de_Cine_de_Miami\" target=\"_blank\" rel=\"noopener\">Festival Internacional de Cine de Miami<\/a> el 10 de abril de 2024, y se estren\u00f3 en cines espa\u00f1oles el 25 de abril de 2025.<\/p>\r\n","protected":false},"excerpt":{"rendered":"<p>La comedia \u201cAmparo, pero no olvido\u201d, del guionista Luis Miles, ha resultado ganadora de esta s\u00e9ptima edici\u00f3n del concurso que convoca EDAV, la asociaci\u00f3n de guionistas de la Comunidad Valenciana, que desde 2017 premia los mejores guiones nacionales de largometraje de comedia. Salva Torrent, alcalde del municipio valenciano de L&#8217;Eliana dio a conocer al ganador &#8230; <a title=\"El gallego Luis Miles gana la VII edici\u00f3n de La Traca\" class=\"read-more\" href=\"https:\/\/www.edav.es\/es\/el-gallego-luis-miles-gana-la-vii-edicion-de-la-traca\/\" aria-label=\"Leer m\u00e1s sobre El gallego Luis Miles gana la VII edici\u00f3n de La Traca\">Leer m\u00e1s<\/a><\/p>\n","protected":false},"author":205,"featured_media":12113,"comment_status":"open","ping_status":"open","sticky":false,"template":"","format":"standard","meta":{"_acf_changed":false,"generate_page_header":"","footnotes":""},"categories":[1],"tags":[],"class_list":["post-12115","post","type-post","status-publish","format-standard","has-post-thumbnail","hentry","category-noticias","infinite-scroll-item","masonry-post","generate-columns","tablet-grid-50","mobile-grid-100","grid-parent","grid-50"],"acf":[],"aioseo_notices":[],"_links":{"self":[{"href":"https:\/\/www.edav.es\/es\/wp-json\/wp\/v2\/posts\/12115","targetHints":{"allow":["GET"]}}],"collection":[{"href":"https:\/\/www.edav.es\/es\/wp-json\/wp\/v2\/posts"}],"about":[{"href":"https:\/\/www.edav.es\/es\/wp-json\/wp\/v2\/types\/post"}],"author":[{"embeddable":true,"href":"https:\/\/www.edav.es\/es\/wp-json\/wp\/v2\/users\/205"}],"replies":[{"embeddable":true,"href":"https:\/\/www.edav.es\/es\/wp-json\/wp\/v2\/comments?post=12115"}],"version-history":[{"count":5,"href":"https:\/\/www.edav.es\/es\/wp-json\/wp\/v2\/posts\/12115\/revisions"}],"predecessor-version":[{"id":12306,"href":"https:\/\/www.edav.es\/es\/wp-json\/wp\/v2\/posts\/12115\/revisions\/12306"}],"wp:featuredmedia":[{"embeddable":true,"href":"https:\/\/www.edav.es\/es\/wp-json\/wp\/v2\/media\/12113"}],"wp:attachment":[{"href":"https:\/\/www.edav.es\/es\/wp-json\/wp\/v2\/media?parent=12115"}],"wp:term":[{"taxonomy":"category","embeddable":true,"href":"https:\/\/www.edav.es\/es\/wp-json\/wp\/v2\/categories?post=12115"},{"taxonomy":"post_tag","embeddable":true,"href":"https:\/\/www.edav.es\/es\/wp-json\/wp\/v2\/tags?post=12115"}],"curies":[{"name":"wp","href":"https:\/\/api.w.org\/{rel}","templated":true}]}}