{"id":12297,"date":"2026-03-09T09:26:20","date_gmt":"2026-03-09T08:26:20","guid":{"rendered":"https:\/\/www.edav.es\/?p=12297"},"modified":"2026-03-09T09:26:47","modified_gmt":"2026-03-09T08:26:47","slug":"abierta-la-convocatoria-de-la-traca","status":"publish","type":"post","link":"https:\/\/www.edav.es\/es\/abierta-la-convocatoria-de-la-traca\/","title":{"rendered":"ABIERTA LA CONVOCATORIA DE &#8216;LA TRACA&#8217;"},"content":{"rendered":"<p style=\"text-align: center;\"><img loading=\"lazy\" decoding=\"async\" class=\"alignnone size-medium wp-image-10687\" src=\"https:\/\/www.edav.es\/wp-content\/uploads\/la-traca-horizontal-300x96.jpg\" alt=\"\" width=\"300\" height=\"96\" srcset=\"https:\/\/www.edav.es\/wp-content\/uploads\/la-traca-horizontal-300x96.jpg 300w, https:\/\/www.edav.es\/wp-content\/uploads\/la-traca-horizontal-1024x326.jpg 1024w, https:\/\/www.edav.es\/wp-content\/uploads\/la-traca-horizontal-768x245.jpg 768w, https:\/\/www.edav.es\/wp-content\/uploads\/la-traca-horizontal-1536x489.jpg 1536w, https:\/\/www.edav.es\/wp-content\/uploads\/la-traca-horizontal-2048x652.jpg 2048w\" sizes=\"auto, (max-width: 300px) 100vw, 300px\" \/><\/p>\n<p style=\"text-align: center;\"><b>DESDE EL 9 DE MARZO\u00a0<\/b><\/p>\n<p style=\"text-align: center;\"><b>LA TRACA ABRE LA CONVOCATORIA DE 2026<\/b><\/p>\n<p><span style=\"font-weight: 400;\">El concurso de guiones de largometraje de comedia, que organiza la asociaci\u00f3n de guionistas de la Comunidad Valenciana, abre el plazo de recepci\u00f3n de obras para su edici\u00f3n de 2026.<\/span><\/p>\n<p><span style=\"font-weight: 400;\">El plazo de admisi\u00f3n de guiones ser\u00e1 <\/span><b>del 9 de marzo al 9 de abril<\/b><span style=\"font-weight: 400;\"> (inclusive) de 2026.<\/span><\/p>\n<p><span style=\"font-weight: 400;\">El concurso de guiones de largometraje de comedia organizado por EDAV es de \u00e1mbito nacional y \u00fanico en su g\u00e9nero.<\/span><\/p>\n<p><span style=\"font-weight: 400;\">EDAV (Escriptors de l&#8217;Audiovisual Valenci\u00e0) ha creado este premio con el objetivo de contribuir a favorecer el desarrollo de proyectos audiovisuales de un g\u00e9nero, la comedia, que en el cine espa\u00f1ol cuenta con una larga tradici\u00f3n, atendiendo a la creciente demanda de contenidos audiovisuales y la necesidad de crear un marco que visibilice a los creadores de comedia\u00a0 y posibilite la producci\u00f3n de sus obras.\u00a0<\/span><\/p>\n<p><span style=\"font-weight: 400;\">Podr\u00e1n presentarse a este certamen todos los autores mayores de edad que lo deseen, de cualquier nacionalidad, residentes en el Estado Espa\u00f1ol. <\/span><span style=\"font-weight: 400;\">Los guiones presentados deber\u00e1n ser originales, in\u00e9ditos y <\/span><b>para largometrajes de ficci\u00f3n de comedia.<\/b><\/p>\n<p><b><a href=\"https:\/\/docs.google.com\/document\/d\/1JsiDPfEY49V0rn3DWhEjsQDk4sOID61Q\/edit?usp=sharing&amp;ouid=108631415298355920118&amp;rtpof=true&amp;sd=true\">CONSULTA AQU\u00cd LAS BASES<\/a>.<\/b><\/p>\n<p><span style=\"font-weight: 400;\">La inscripci\u00f3n ha de hacerse a trav\u00e9s de<\/span><a href=\"https:\/\/forms.gle\/3sEAuF1iavCVa7xX7\"><span style=\"font-weight: 400;\"> ESTE FORMULARIO<\/span><\/a><span style=\"font-weight: 400;\">, accesible desde la p\u00e1gina web de EDAV. Para participar ser\u00e1 obligatorio aportar toda la documentaci\u00f3n que se solicita, tal y como se solicita.<\/span><\/p>\n<p><b>El premio tiene una dotaci\u00f3n de 2.000\u20ac para el ganador<\/b><span style=\"font-weight: 400;\">.<\/span><\/p>\n<p><span style=\"font-weight: 400;\">La entrega de premios tendr\u00e1 lugar el 12 de septiembre en el Ayuntamiento de L\u2019Eliana.\u00a0<\/span><\/p>\n<p><span style=\"font-weight: 400;\">La creaci\u00f3n y consolidaci\u00f3n del concurso ha sido posible gracias al apoyo de la Concejal\u00eda de Cultura del Ayuntamiento de L\u2019Eliana, que colabora con los guionistas valencianos desde su primera edici\u00f3n. El \u00e9xito de la convocatoria, que ha incrementado notablemente el nivel de participaci\u00f3n en sus \u00faltimas ediciones, reafirma la apuesta hecha por el Ayuntamiento de L\u2019Eliana por este concurso.\u00a0<\/span><\/p>\n<p><b>Para m\u00e1s informaci\u00f3n o dudas: info@edav.es<\/b><\/p>\n<h3><a href=\"https:\/\/forms.gle\/3sEAuF1iavCVa7xX7\"><strong>FORMULARIO DE INSCRIPCI\u00d3N<\/strong><\/a><\/h3>\n","protected":false},"excerpt":{"rendered":"<p>DESDE EL 9 DE MARZO\u00a0 LA TRACA ABRE LA CONVOCATORIA DE 2026 El concurso de guiones de largometraje de comedia, que organiza la asociaci\u00f3n de guionistas de la Comunidad Valenciana, abre el plazo de recepci\u00f3n de obras para su edici\u00f3n de 2026. El plazo de admisi\u00f3n de guiones ser\u00e1 del 9 de marzo al 9 &#8230; <a title=\"ABIERTA LA CONVOCATORIA DE &#8216;LA TRACA&#8217;\" class=\"read-more\" href=\"https:\/\/www.edav.es\/es\/abierta-la-convocatoria-de-la-traca\/\" aria-label=\"Leer m\u00e1s sobre ABIERTA LA CONVOCATORIA DE &#8216;LA TRACA&#8217;\">Leer m\u00e1s<\/a><\/p>\n","protected":false},"author":318,"featured_media":10687,"comment_status":"open","ping_status":"open","sticky":false,"template":"","format":"standard","meta":{"_acf_changed":false,"generate_page_header":"","footnotes":""},"categories":[6,1],"tags":[],"class_list":["post-12297","post","type-post","status-publish","format-standard","has-post-thumbnail","hentry","category-dstacados","category-noticias","infinite-scroll-item","masonry-post","generate-columns","tablet-grid-50","mobile-grid-100","grid-parent","grid-50"],"acf":[],"aioseo_notices":[],"_links":{"self":[{"href":"https:\/\/www.edav.es\/es\/wp-json\/wp\/v2\/posts\/12297","targetHints":{"allow":["GET"]}}],"collection":[{"href":"https:\/\/www.edav.es\/es\/wp-json\/wp\/v2\/posts"}],"about":[{"href":"https:\/\/www.edav.es\/es\/wp-json\/wp\/v2\/types\/post"}],"author":[{"embeddable":true,"href":"https:\/\/www.edav.es\/es\/wp-json\/wp\/v2\/users\/318"}],"replies":[{"embeddable":true,"href":"https:\/\/www.edav.es\/es\/wp-json\/wp\/v2\/comments?post=12297"}],"version-history":[{"count":2,"href":"https:\/\/www.edav.es\/es\/wp-json\/wp\/v2\/posts\/12297\/revisions"}],"predecessor-version":[{"id":12299,"href":"https:\/\/www.edav.es\/es\/wp-json\/wp\/v2\/posts\/12297\/revisions\/12299"}],"wp:featuredmedia":[{"embeddable":true,"href":"https:\/\/www.edav.es\/es\/wp-json\/wp\/v2\/media\/10687"}],"wp:attachment":[{"href":"https:\/\/www.edav.es\/es\/wp-json\/wp\/v2\/media?parent=12297"}],"wp:term":[{"taxonomy":"category","embeddable":true,"href":"https:\/\/www.edav.es\/es\/wp-json\/wp\/v2\/categories?post=12297"},{"taxonomy":"post_tag","embeddable":true,"href":"https:\/\/www.edav.es\/es\/wp-json\/wp\/v2\/tags?post=12297"}],"curies":[{"name":"wp","href":"https:\/\/api.w.org\/{rel}","templated":true}]}}