{"id":12805,"date":"2026-09-03T12:31:23","date_gmt":"2026-09-03T10:31:23","guid":{"rendered":"https:\/\/www.edav.es\/?p=12805"},"modified":"2026-09-03T12:37:26","modified_gmt":"2026-09-03T10:37:26","slug":"ya-tenemos-los-tres-finalistas-de-la-viii-edicion-de-la-traca","status":"publish","type":"post","link":"https:\/\/www.edav.es\/es\/ya-tenemos-los-tres-finalistas-de-la-viii-edicion-de-la-traca\/","title":{"rendered":"YA TENEMOS LOS TRES FINALISTAS DE LA VIII EDICI\u00d3N DE LA TRACA"},"content":{"rendered":"<p><i><span style=\"font-weight: 400;\">Alegr\u00edas de los Cort\u00e9s<\/span><\/i><span style=\"font-weight: 400;\">, <\/span><i><span style=\"font-weight: 400;\">Fodechinchos<\/span><\/i><span style=\"font-weight: 400;\"> y <\/span><i><span style=\"font-weight: 400;\">Maneras de vivir<\/span><\/i><span style=\"font-weight: 400;\"> optan al premio de 2.000 euros del concurso de guiones de largometraje de comedia de EDAV<\/span><\/p>\n<p><span style=\"font-weight: 400;\">La VIII edici\u00f3n de <\/span><b>La Traca, Concurso de Guiones de Largometraje de Comedia<\/b><span style=\"font-weight: 400;\">, ya tiene sus tres proyectos finalistas. <\/span><span style=\"font-weight: 400;\">Despu\u00e9s de recibir <\/span><b>m\u00e1s de un centenar de guiones<\/b><span style=\"font-weight: 400;\">, una cifra que supone un crecimiento respecto a anteriores ediciones, el jurado ha seleccionado como finalistas <\/span><b><i>Alegr\u00edas de los Cort\u00e9s<\/i><\/b><span style=\"font-weight: 400;\">, de <\/span><b>Alberto Heredia<\/b><span style=\"font-weight: 400;\">; <\/span><b><i>Fodechinchos<\/i><\/b><span style=\"font-weight: 400;\">, coescrito por <\/span><b>L\u00faa Garc\u00eda y Joel Guisado<\/b><span style=\"font-weight: 400;\">; y <\/span><b><i>Maneras de vivir<\/i><\/b><span style=\"font-weight: 400;\">, de <\/span><b>Hugo \u00c1lvarez<\/b><span style=\"font-weight: 400;\">.<\/span><\/p>\n<p><span style=\"font-weight: 400;\">El ganador o ganadora de esta octava edici\u00f3n recibir\u00e1 un <\/span><b>premio de 2.000 euros<\/b><span style=\"font-weight: 400;\"> y se dar\u00e1 a conocer el pr\u00f3ximo <\/span><b>s\u00e1bado 12 de septiembre, a las 19 horas<\/b><span style=\"font-weight: 400;\">, durante el acto de entrega de premios que se celebrar\u00e1 en el <\/span><b>sal\u00f3n de plenos del Ayuntamiento de l\u2019Eliana<\/b><span style=\"font-weight: 400;\">.<\/span><\/p>\n<p><span style=\"font-weight: 400;\">La convocatoria est\u00e1 organizada por <\/span><b>EDAV, Escriptors de l\u2019Audiovisual Valenci\u00e0<\/b><span style=\"font-weight: 400;\">, con la colaboraci\u00f3n del <\/span><b>Ayuntamiento de l\u2019Eliana<\/b><span style=\"font-weight: 400;\">, cuya apuesta decidida por la cultura y por el apoyo a la creaci\u00f3n y al talento audiovisual hace posible un a\u00f1o m\u00e1s la celebraci\u00f3n del concurso.<\/span><\/p>\n<p><b>Tres guiones, tres miradas sobre la comedia<\/b><\/p>\n<p><span style=\"font-weight: 400;\">Los tres proyectos finalistas presentan perfiles y trayectorias muy diferentes, pero comparten una apuesta por la escritura de calidad y por las posibilidades creativas de la comedia.<\/span><\/p>\n<p><strong><i>Alegr\u00edas de los Cort\u00e9s<\/i><\/strong><span style=\"font-weight: 400;\">, de Alberto Heredia<\/span><\/p>\n<p><b><\/b><b><\/b><b><\/b><b><\/b><b>Alberto Heredia (Algeciras, 1994)<\/b><span style=\"font-weight: 400;\"> es graduado en Comunicaci\u00f3n Audiovisual por la Universidad de M\u00e1laga y cuenta con un M\u00e1ster en Guion de Cine y Televisi\u00f3n por la Universidad Carlos III de Madrid y otro en Producci\u00f3n Ejecutiva para Cine y Televisi\u00f3n por la ECAM.<\/span><\/p>\n<p><span style=\"font-weight: 400;\">Despu\u00e9s de trabajar como redactor y editor en diferentes medios de comunicaci\u00f3n y como asistente de direcci\u00f3n en la serie <\/span><i><span style=\"font-weight: 400;\">Brigada Costa del Sol<\/span><\/i><span style=\"font-weight: 400;\"> (Mediaset\/Netflix), desde 2018 centra su actividad en la escritura de guiones.<\/span><\/p>\n<p><span style=\"font-weight: 400;\">Sus proyectos han sido seleccionados en laboratorios y concursos nacionales e internacionales como DAMA Ayuda, Filmarket Hub o el Festival de Sitges. <\/span><span style=\"font-weight: 400;\">Tambi\u00e9n ha desarrollado series para Buend\u00eda Estudios, ViX y Dynamo, productora que adquiri\u00f3 su serie <\/span><i><span style=\"font-weight: 400;\">Mala Pu\u00f1al\u00e1<\/span><\/i><span style=\"font-weight: 400;\">, cuya producci\u00f3n ejecutiva corri\u00f3 a cargo de la rapera Mala Rodr\u00edguez.<\/span><\/p>\n<p><span style=\"font-weight: 400;\">Actualmente trabaja junto a la directora Paula Cruz Otero en el largometraje <\/span><i><span style=\"font-weight: 400;\">Salitre<\/span><\/i><span style=\"font-weight: 400;\">, adquirido por Aqu\u00ed y All\u00ed Films y en fase de preproducci\u00f3n.<\/span><\/p>\n<p>&nbsp;<\/p>\n<p style=\"text-align: center;\"><img loading=\"lazy\" decoding=\"async\" class=\"alignnone wp-image-12799 size-full\" src=\"https:\/\/www.edav.es\/wp-content\/uploads\/2026\/09\/ALBERTO-HEREDIA.png\" alt=\"\" width=\"621\" height=\"691\" srcset=\"https:\/\/www.edav.es\/wp-content\/uploads\/2026\/09\/ALBERTO-HEREDIA.png 621w, https:\/\/www.edav.es\/wp-content\/uploads\/2026\/09\/ALBERTO-HEREDIA-270x300.png 270w\" sizes=\"auto, (max-width: 621px) 100vw, 621px\" \/><\/p>\n<p>&nbsp;<\/p>\n<p><strong><i>Fodechinchos<\/i><\/strong><span style=\"font-weight: 400;\">, de L\u00faa Garc\u00eda y Joel Guisado<\/span><\/p>\n<p><b><\/b><b><\/b><b><\/b><b><\/b><b>L\u00faa Garc\u00eda y Joel Guisado<\/b><span style=\"font-weight: 400;\"> son dos guionistas formados en la ESCAC que mantienen desde su etapa de estudiantes un t\u00e1ndem creativo especialmente vinculado a la comedia.<\/span><\/p>\n<p><span style=\"font-weight: 400;\">Joel Guisado es guionista y director, graduado en Cine y Medios Audiovisuales con menci\u00f3n en guion y posteriormente M\u00e1ster en Guion de Ficci\u00f3n. Su trayectoria se mueve entre el terror y la comedia y cuenta con experiencia en distintos formatos. En 2023 vendi\u00f3 a una productora su proyecto de largometraje <\/span><i><span style=\"font-weight: 400;\">Pelos, problemas y pel\u00edculas<\/span><\/i><span style=\"font-weight: 400;\">. <\/span><span style=\"font-weight: 400;\">Tambi\u00e9n es autor de la obra teatral <\/span><i><span style=\"font-weight: 400;\">Karaoke<\/span><\/i><span style=\"font-weight: 400;\">, estrenada en la Sala Flyhard de Barcelona, y del largometraje <\/span><i><span style=\"font-weight: 400;\">Ovella<\/span><\/i><span style=\"font-weight: 400;\">, pel\u00edcula final de grado de la ESCAC que recibi\u00f3 una menci\u00f3n honor\u00edfica en el D\u2019A Film Festival.<\/span><span style=\"font-weight: 400;\"> En 2024 fue finalista del Notodofilmfest con el cortometraje <\/span><i><span style=\"font-weight: 400;\">Flash<\/span><\/i><span style=\"font-weight: 400;\">.<\/span><\/p>\n<p><span style=\"font-weight: 400;\">L\u00faa Garc\u00eda es guionista y productora y cuenta con sendos m\u00e1steres en Guion por la ESCAC y la Universidad Carlos III de Madrid. <\/span><span style=\"font-weight: 400;\">Entre sus reconocimientos destacan el <\/span><b>IV Premio Daniel Dom\u00ednguez de Guion<\/b><span style=\"font-weight: 400;\"> por el largometraje <\/span><i><span style=\"font-weight: 400;\">A Cotio<\/span><\/i><span style=\"font-weight: 400;\">, proyecto que tambi\u00e9n recibi\u00f3 una subvenci\u00f3n de AGADIC para su desarrollo, y el <\/span><b>Scriptdoctoring 2023 de MECAL<\/b><span style=\"font-weight: 400;\"> por <\/span><i><span style=\"font-weight: 400;\">Gaviotas<\/span><\/i><span style=\"font-weight: 400;\">.<\/span><span style=\"font-weight: 400;\"> Desde 2022 trabaja como analista de guiones para TVE y tambi\u00e9n ha formado parte del equipo de direcci\u00f3n de <\/span><i><span style=\"font-weight: 400;\">Amar es para siempre<\/span><\/i><span style=\"font-weight: 400;\">. Ambos han desarrollado conjuntamente diversos proyectos de largometraje y serie.<\/span><\/p>\n<p style=\"text-align: center;\"><img loading=\"lazy\" decoding=\"async\" class=\"alignnone wp-image-12801 size-full\" src=\"https:\/\/www.edav.es\/wp-content\/uploads\/2026\/09\/LUA-GARCIA-Y-JOEL-GUISADO.png\" alt=\"\" width=\"879\" height=\"511\" srcset=\"https:\/\/www.edav.es\/wp-content\/uploads\/2026\/09\/LUA-GARCIA-Y-JOEL-GUISADO.png 879w, https:\/\/www.edav.es\/wp-content\/uploads\/2026\/09\/LUA-GARCIA-Y-JOEL-GUISADO-300x174.png 300w, https:\/\/www.edav.es\/wp-content\/uploads\/2026\/09\/LUA-GARCIA-Y-JOEL-GUISADO-768x446.png 768w\" sizes=\"auto, (max-width: 879px) 100vw, 879px\" \/><\/p>\n<p><strong><i>Maneras de vivir<\/i><\/strong><span style=\"font-weight: 400;\">, de Hugo \u00c1lvarez<\/span><\/p>\n<p><b>Hugo \u00c1lvarez Seco (1969)<\/b><span style=\"font-weight: 400;\"> es guionista formado en el Instituto de RTVE y en la Escuela Internacional de Cine y Televisi\u00f3n de La Habana.<\/span><\/p>\n<p><span style=\"font-weight: 400;\">A lo largo de su trayectoria ha participado como guionista en series de televisi\u00f3n como <\/span><i><span style=\"font-weight: 400;\">Nada es para siempre<\/span><\/i><span style=\"font-weight: 400;\"> (Antena 3), <\/span><i><span style=\"font-weight: 400;\">G\u00e9minis<\/span><\/i><span style=\"font-weight: 400;\"> (TVE) y <\/span><i><span style=\"font-weight: 400;\">Libro de Familia<\/span><\/i><span style=\"font-weight: 400;\"> (TVG), serie que recibi\u00f3 el <\/span><b>Premio ATV a la Mejor Serie Auton\u00f3mica en 2007<\/b><span style=\"font-weight: 400;\">.<\/span><\/p>\n<p><span style=\"font-weight: 400;\">Tambi\u00e9n ha colaborado en diferentes proyectos de ficci\u00f3n y entretenimiento para televisi\u00f3n y en documentales como <\/span><i><span style=\"font-weight: 400;\">Espa\u00f1oles en Hollywood<\/span><\/i><span style=\"font-weight: 400;\"> (2022), sobre los integrantes de la denominada \u201cotra generaci\u00f3n del 27\u201d que participaron en producciones de Hollywood con la llegada del cine sonoro, y <\/span><i><span style=\"font-weight: 400;\">El eco de otras voces<\/span><\/i><span style=\"font-weight: 400;\"> (2024), sobre la trayectoria del dise\u00f1ador Adolfo Dom\u00ednguez.<\/span><\/p>\n<p>&nbsp;<\/p>\n<p style=\"text-align: center;\"><img loading=\"lazy\" decoding=\"async\" class=\"alignnone wp-image-12803 size-full\" src=\"https:\/\/www.edav.es\/wp-content\/uploads\/2026\/09\/HUGO-ALVAREZ.png\" alt=\"\" width=\"701\" height=\"481\" srcset=\"https:\/\/www.edav.es\/wp-content\/uploads\/2026\/09\/HUGO-ALVAREZ.png 701w, https:\/\/www.edav.es\/wp-content\/uploads\/2026\/09\/HUGO-ALVAREZ-300x206.png 300w\" sizes=\"auto, (max-width: 701px) 100vw, 701px\" \/><\/p>\n<p>&nbsp;<\/p>\n<p><b>Un jurado con una amplia experiencia audiovisual<\/b><\/p>\n<p><span style=\"font-weight: 400;\">La selecci\u00f3n de los tres finalistas ha corrido a cargo de un jurado formado por <\/span><b>\u00d3scar Bern\u00e1cer, Joana Chilet y Anna Juesas<\/b><span style=\"font-weight: 400;\">, tres profesionales con una amplia experiencia en diferentes \u00e1mbitos de la creaci\u00f3n, producci\u00f3n y gesti\u00f3n audiovisual.<\/span><\/p>\n<p>&nbsp;<\/p>\n<p style=\"text-align: center;\"><img loading=\"lazy\" decoding=\"async\" class=\"alignnone wp-image-12795 size-full\" src=\"https:\/\/www.edav.es\/wp-content\/uploads\/2026\/09\/JURADO-DE-LA-TRACA-2026.png\" alt=\"\" width=\"622\" height=\"436\" srcset=\"https:\/\/www.edav.es\/wp-content\/uploads\/2026\/09\/JURADO-DE-LA-TRACA-2026.png 622w, https:\/\/www.edav.es\/wp-content\/uploads\/2026\/09\/JURADO-DE-LA-TRACA-2026-300x210.png 300w\" sizes=\"auto, (max-width: 622px) 100vw, 622px\" \/><\/p>\n<p style=\"text-align: center;\">Joana Chilet, Anna Juesas y \u00d2scar Bern\u00e0cer<\/p>\n<p><strong>\u00d3scar Bern\u00e1cer<\/strong><\/p>\n<p><span style=\"font-weight: 400;\">Guionista, director, productor y docente que, desde sus inicios, ha combinado su trabajo entre la ficci\u00f3n y el documental.<\/span><\/p>\n<p><span style=\"font-weight: 400;\">Acaba de estrenar el largometraje Enjambre (Enjambre) y est\u00e1 trabajando en la postproducci\u00f3n de su segunda pel\u00edcula, Maria Mart\u00ednez Ruiz no puede volver.<\/span><\/p>\n<p><span style=\"font-weight: 400;\">Stanbrook, Bikini, Apolo 81 o Desayuno con diadema, entre otras, son algunos de sus cortometrajes con un largo recorrido en festivales de todo el mundo, llegando a formar parte de la Shortlist de los Premios Goya en tres ediciones.<\/span><\/p>\n<p><span style=\"font-weight: 400;\">Sus largometrajes documentales tienen un tratamiento contenido y est\u00e9tico, La receta del equilibrio se estren\u00f3 en SSIFF (Culinary Zinema) y Los que buscamos y El hombre que embotell\u00f3 el sol en Seminci. Todos est\u00e1n disponibles en plataformas y han contado con la participaci\u00f3n de televisiones p\u00fablicas.<\/span><\/p>\n<p><span style=\"font-weight: 400;\">En TV destaca su trabajo en la serie de ficci\u00f3n La Forastera y la serie documental Cocineras y Cocineros. Su \u00faltima producci\u00f3n ha sido Una vida B\u00e1rbara, estrenada en ATRESMEDIA, que fue l\u00edder de audiencia. Se puede encontrar entre las series documentales m\u00e1s vistas en la plataforma Netflix.<\/span><\/p>\n<p><span style=\"font-weight: 400;\">Como productor cuenta con t\u00edtulos como La Casa, Mientras seas t\u00fa (Goya al mejor documental) o el cortometraje No a los poalets.<\/span><\/p>\n<p><strong>Joana Chilet<\/strong><\/p>\n<p><b>Productora y gestora cultural<\/b><span style=\"font-weight: 400;\">, Joana Chilet cuenta con una larga trayectoria en el sector audiovisual valenciano y en la promoci\u00f3n y producci\u00f3n cinematogr\u00e1fica. Socia en la productora Bis\u00edlaba, junto con el guionista y director Gabriel Ochoa.\u00a0<\/span><\/p>\n<p><span style=\"font-weight: 400;\">Ha trabajado en el desarrollo y producci\u00f3n de proyectos audiovisuales y en la gesti\u00f3n cultural, participando en iniciativas destinadas a favorecer la creaci\u00f3n, la profesionalizaci\u00f3n y la conexi\u00f3n entre los diferentes agentes del sector. Su experiencia le aporta una perspectiva especialmente vinculada a la producci\u00f3n y a las posibilidades reales de desarrollo de los proyectos.<\/span><\/p>\n<p><span style=\"font-weight: 400;\">Desde 2020, Coordina el proyecto ADAPTA MARKET, un mercado en l\u00ednea y\u00a0 presencial en Val\u00e8ncia (Adapta literary Market). Tambi\u00e9n forma parte de MAFIZ, la zona de industria del FESTIVAL DE M\u00c1LAGA, desde su creaci\u00f3n. Y directora de PROMERCAT, el mercado de coproducciones que organiza el Institut Valenci\u00e0 de Cultura.<\/span><\/p>\n<p><strong>Anna Juesas<\/strong><\/p>\n<p><span style=\"font-weight: 400;\">Anna Juesas es directora y guionista con una s\u00f3lida trayectoria en el cortometraje. Desde 2010 ha escrito y dirigido m\u00e1s de una quincena de obras, seleccionadas y premiadas en numerosos festivales nacionales e internacionales. Entre sus trabajos m\u00e1s destacados se encuentran Aniversario, Oddity \u2014candidato a los Premios Goya y nominado a los Premios Berlanga\u2014, Skydome, First Coin \u2014cortometraje inscrito a los Premios Goya 2025\u2014 y Sweet Cabanyal, que acumula m\u00e1s de 40 selecciones en festivales nacionales e internacionales.<\/span><\/p>\n<p>&nbsp;<\/p>\n<h3><strong>Ocho ediciones apostando por la comedia<\/strong><\/h3>\n<p><span style=\"font-weight: 400;\">Con ocho ediciones ya celebradas, <\/span><b>La Traca se ha convertido en una de las iniciativas de referencia de EDAV para apoyar la escritura de largometrajes de comedia y dar visibilidad a nuevos proyectos y autores<\/b><span style=\"font-weight: 400;\">.<\/span><\/p>\n<p><span style=\"font-weight: 400;\">La importancia de un concurso como este va m\u00e1s all\u00e1 de la dotaci\u00f3n econ\u00f3mica del premio. <\/span><span style=\"font-weight: 400;\">La Traca pretende contribuir a que los guiones encuentren un camino hacia la producci\u00f3n y a <\/span><b>poner en contacto el talento de los guionistas con el tejido productor<\/b><span style=\"font-weight: 400;\">.<\/span><\/p>\n<p><span style=\"font-weight: 400;\">Despu\u00e9s de ocho ediciones, EDAV puede presumir adem\u00e1s de contar con un <\/span><b>importante banco de guiones de largometraje de comedia de alta calidad<\/b><span style=\"font-weight: 400;\">, surgido de las diferentes convocatorias, que puede convertirse en una fuente de nuevos proyectos para las productoras interesadas en desarrollar historias de este g\u00e9nero.<\/span><\/p>\n<p><span style=\"font-weight: 400;\">Y algunos de esos proyectos ya han dado el salto a la pantalla: <\/span><b>varios de los guiones ganadores y finalistas de anteriores ediciones se han convertido en largometrajes<\/b><span style=\"font-weight: 400;\">, mientras otros contin\u00faan avanzando y se encuentran actualmente en procesos de b\u00fasqueda de financiaci\u00f3n.<\/span><\/p>\n<p><span style=\"font-weight: 400;\">La celebraci\u00f3n de una nueva edici\u00f3n de La Traca supone, por tanto, seguir reivindicando la necesidad de <\/span><b>promover una comedia cinematogr\u00e1fica de calidad, apoyar a quienes escriben y facilitar que esas historias puedan convertirse en pel\u00edculas<\/b><span style=\"font-weight: 400;\">.<\/span><\/p>\n<p><span style=\"font-weight: 400;\">La cita: 12 de septiembre en l\u2019Eliana<\/span><\/p>\n<p><span style=\"font-weight: 400;\">Todo est\u00e1 preparado para conocer el nombre del ganador o ganadora de esta VIII edici\u00f3n.<\/span><\/p>\n<p><span style=\"font-weight: 400;\">&#x1f4c5; <\/span><b>S\u00e1bado, 12 de septiembre de 2026<\/b><span style=\"font-weight: 400;\"><br \/>\n<\/span><span style=\"font-weight: 400;\">&#x1f556; <\/span><b>19:00 horas<\/b><span style=\"font-weight: 400;\"><br \/>\n<\/span><span style=\"font-weight: 400;\">&#x1f4cd; <\/span><b>Sal\u00f3n de plenos del Ayuntamiento de l\u2019Eliana<\/b><\/p>\n<p><span style=\"font-weight: 400;\">Ser\u00e1 all\u00ed donde <\/span><i><span style=\"font-weight: 400;\">Alegr\u00edas de los Cort\u00e9s<\/span><\/i><span style=\"font-weight: 400;\">, <\/span><i><span style=\"font-weight: 400;\">Fodechinchos<\/span><\/i><span style=\"font-weight: 400;\"> y <\/span><i><span style=\"font-weight: 400;\">Maneras de vivir<\/span><\/i><span style=\"font-weight: 400;\"> conozcan cu\u00e1l de los tres se lleva finalmente el premio de <\/span><b>2.000 euros de La Traca 2026<\/b><span style=\"font-weight: 400;\">.<\/span><\/p>\n","protected":false},"excerpt":{"rendered":"<p>Alegr\u00edas de los Cort\u00e9s, Fodechinchos y Maneras de vivir optan al premio de 2.000 euros del concurso de guiones de largometraje de comedia de EDAV La VIII edici\u00f3n de La Traca, Concurso de Guiones de Largometraje de Comedia, ya tiene sus tres proyectos finalistas. Despu\u00e9s de recibir m\u00e1s de un centenar de guiones, una cifra &#8230; <a title=\"YA TENEMOS LOS TRES FINALISTAS DE LA VIII EDICI\u00d3N DE LA TRACA\" class=\"read-more\" href=\"https:\/\/www.edav.es\/es\/ya-tenemos-los-tres-finalistas-de-la-viii-edicion-de-la-traca\/\" aria-label=\"Leer m\u00e1s sobre YA TENEMOS LOS TRES FINALISTAS DE LA VIII EDICI\u00d3N DE LA TRACA\">Leer m\u00e1s<\/a><\/p>\n","protected":false},"author":318,"featured_media":12795,"comment_status":"open","ping_status":"open","sticky":false,"template":"","format":"standard","meta":{"_acf_changed":false,"generate_page_header":"","footnotes":""},"categories":[1],"tags":[],"class_list":["post-12805","post","type-post","status-publish","format-standard","has-post-thumbnail","hentry","category-noticias","infinite-scroll-item","masonry-post","generate-columns","tablet-grid-50","mobile-grid-100","grid-parent","grid-50"],"acf":[],"aioseo_notices":[],"aioseo_head":"\n\t\t<!-- All in One SEO 5.0.0.1 - aioseo.com -->\n\t<meta name=\"robots\" content=\"max-image-preview:large\" \/>\n\t<meta name=\"author\" content=\"edav\"\/>\n\t<link rel=\"canonical\" href=\"https:\/\/www.edav.es\/es\/ya-tenemos-los-tres-finalistas-de-la-viii-edicion-de-la-traca\/\" \/>\n\t<meta name=\"generator\" content=\"All in One SEO (AIOSEO) 5.0.0.1\" \/>\n\t\t<meta property=\"og:locale\" content=\"es_ES\" \/>\n\t\t<meta property=\"og:site_name\" content=\"EDAV | Escriptors de l&#039;Audiovisual Valenci\u00e0\" \/>\n\t\t<meta property=\"og:type\" content=\"article\" \/>\n\t\t<meta property=\"og:title\" content=\"YA TENEMOS LOS TRES FINALISTAS DE LA VIII EDICI\u00d3N DE LA TRACA | EDAV\" \/>\n\t\t<meta property=\"og:url\" content=\"https:\/\/www.edav.es\/es\/ya-tenemos-los-tres-finalistas-de-la-viii-edicion-de-la-traca\/\" \/>\n\t\t<meta property=\"og:image\" content=\"https:\/\/www.edav.es\/wp-content\/uploads\/2026\/01\/logo-edav-2026.png\" \/>\n\t\t<meta property=\"og:image:secure_url\" content=\"https:\/\/www.edav.es\/wp-content\/uploads\/2026\/01\/logo-edav-2026.png\" \/>\n\t\t<meta property=\"article:published_time\" content=\"2026-09-03T10:31:23+00:00\" \/>\n\t\t<meta property=\"article:modified_time\" content=\"2026-09-03T10:37:26+00:00\" \/>\n\t\t<meta name=\"twitter:card\" content=\"summary\" \/>\n\t\t<meta name=\"twitter:title\" content=\"YA TENEMOS LOS TRES FINALISTAS DE LA VIII EDICI\u00d3N DE LA TRACA | EDAV\" \/>\n\t\t<meta name=\"twitter:image\" content=\"https:\/\/www.edav.es\/wp-content\/uploads\/2026\/01\/logo-edav-2026.png\" \/>\n\t\t<script type=\"application\/ld+json\" class=\"aioseo-schema\">\n\t\t\t{\"@context\":\"https:\\\/\\\/schema.org\",\"@graph\":[{\"@type\":\"Article\",\"@id\":\"https:\\\/\\\/www.edav.es\\\/es\\\/ya-tenemos-los-tres-finalistas-de-la-viii-edicion-de-la-traca\\\/#article\",\"name\":\"YA TENEMOS LOS TRES FINALISTAS DE LA VIII EDICI\\u00d3N DE LA TRACA | EDAV\",\"headline\":\"YA TENEMOS LOS TRES FINALISTAS DE LA VIII EDICI\\u00d3N DE LA TRACA\",\"author\":{\"@id\":\"https:\\\/\\\/www.edav.es\\\/es\\\/author\\\/teresa-edav\\\/#author\"},\"publisher\":{\"@id\":\"https:\\\/\\\/www.edav.es\\\/es\\\/#organization\"},\"image\":{\"@type\":\"ImageObject\",\"url\":\"https:\\\/\\\/www.edav.es\\\/wp-content\\\/uploads\\\/2026\\\/09\\\/JURADO-DE-LA-TRACA-2026.png\",\"width\":622,\"height\":436},\"datePublished\":\"2026-09-03T12:31:23+02:00\",\"dateModified\":\"2026-09-03T12:37:26+02:00\",\"inLanguage\":\"es-ES\",\"mainEntityOfPage\":{\"@id\":\"https:\\\/\\\/www.edav.es\\\/es\\\/ya-tenemos-los-tres-finalistas-de-la-viii-edicion-de-la-traca\\\/#webpage\"},\"isPartOf\":{\"@id\":\"https:\\\/\\\/www.edav.es\\\/es\\\/ya-tenemos-los-tres-finalistas-de-la-viii-edicion-de-la-traca\\\/#webpage\"},\"articleSection\":\"Noticias\"},{\"@type\":\"BreadcrumbList\",\"@id\":\"https:\\\/\\\/www.edav.es\\\/es\\\/ya-tenemos-los-tres-finalistas-de-la-viii-edicion-de-la-traca\\\/#breadcrumblist\",\"itemListElement\":[{\"@type\":\"ListItem\",\"@id\":\"https:\\\/\\\/www.edav.es\\\/es\\\/#listItem\",\"position\":1,\"name\":\"Home\",\"item\":\"https:\\\/\\\/www.edav.es\\\/es\\\/\",\"nextItem\":{\"@type\":\"ListItem\",\"@id\":\"https:\\\/\\\/www.edav.es\\\/es\\\/categorias\\\/noticias\\\/#listItem\",\"name\":\"Noticias\"}},{\"@type\":\"ListItem\",\"@id\":\"https:\\\/\\\/www.edav.es\\\/es\\\/categorias\\\/noticias\\\/#listItem\",\"position\":2,\"name\":\"Noticias\",\"item\":\"https:\\\/\\\/www.edav.es\\\/es\\\/categorias\\\/noticias\\\/\",\"nextItem\":{\"@type\":\"ListItem\",\"@id\":\"https:\\\/\\\/www.edav.es\\\/es\\\/ya-tenemos-los-tres-finalistas-de-la-viii-edicion-de-la-traca\\\/#listItem\",\"name\":\"YA TENEMOS LOS TRES FINALISTAS DE LA VIII EDICI\\u00d3N DE LA TRACA\"},\"previousItem\":{\"@type\":\"ListItem\",\"@id\":\"https:\\\/\\\/www.edav.es\\\/es\\\/#listItem\",\"name\":\"Home\"}},{\"@type\":\"ListItem\",\"@id\":\"https:\\\/\\\/www.edav.es\\\/es\\\/ya-tenemos-los-tres-finalistas-de-la-viii-edicion-de-la-traca\\\/#listItem\",\"position\":3,\"name\":\"YA TENEMOS LOS TRES FINALISTAS DE LA VIII EDICI\\u00d3N DE LA TRACA\",\"previousItem\":{\"@type\":\"ListItem\",\"@id\":\"https:\\\/\\\/www.edav.es\\\/es\\\/categorias\\\/noticias\\\/#listItem\",\"name\":\"Noticias\"}}]},{\"@type\":\"Organization\",\"@id\":\"https:\\\/\\\/www.edav.es\\\/es\\\/#organization\",\"name\":\"EDAV\",\"description\":\"Escriptors de l'Audiovisual Valenci\\u00e0\",\"url\":\"https:\\\/\\\/www.edav.es\\\/es\\\/\",\"logo\":{\"@type\":\"ImageObject\",\"url\":\"https:\\\/\\\/www.edav.es\\\/wp-content\\\/uploads\\\/2026\\\/01\\\/logo-edav-2026.png\",\"@id\":\"https:\\\/\\\/www.edav.es\\\/es\\\/ya-tenemos-los-tres-finalistas-de-la-viii-edicion-de-la-traca\\\/#organizationLogo\",\"width\":265,\"height\":70,\"caption\":\"logotipo EDAV\"},\"image\":{\"@id\":\"https:\\\/\\\/www.edav.es\\\/es\\\/ya-tenemos-los-tres-finalistas-de-la-viii-edicion-de-la-traca\\\/#organizationLogo\"}},{\"@type\":\"Person\",\"@id\":\"https:\\\/\\\/www.edav.es\\\/es\\\/author\\\/teresa-edav\\\/#author\",\"url\":\"https:\\\/\\\/www.edav.es\\\/es\\\/author\\\/teresa-edav\\\/\",\"name\":\"edav\",\"image\":{\"@type\":\"ImageObject\",\"@id\":\"https:\\\/\\\/www.edav.es\\\/es\\\/ya-tenemos-los-tres-finalistas-de-la-viii-edicion-de-la-traca\\\/#authorImage\",\"url\":\"https:\\\/\\\/secure.gravatar.com\\\/avatar\\\/13a880c0e5ec8caa997d8c08c3ce35c20effc2161d34c0a4547b6e47d7cb11a0?s=96&d=mm&r=g\",\"width\":96,\"height\":96,\"caption\":\"edav\"}},{\"@type\":\"WebPage\",\"@id\":\"https:\\\/\\\/www.edav.es\\\/es\\\/ya-tenemos-los-tres-finalistas-de-la-viii-edicion-de-la-traca\\\/#webpage\",\"url\":\"https:\\\/\\\/www.edav.es\\\/es\\\/ya-tenemos-los-tres-finalistas-de-la-viii-edicion-de-la-traca\\\/\",\"name\":\"YA TENEMOS LOS TRES FINALISTAS DE LA VIII EDICI\\u00d3N DE LA TRACA | EDAV\",\"inLanguage\":\"es-ES\",\"isPartOf\":{\"@id\":\"https:\\\/\\\/www.edav.es\\\/es\\\/#website\"},\"breadcrumb\":{\"@id\":\"https:\\\/\\\/www.edav.es\\\/es\\\/ya-tenemos-los-tres-finalistas-de-la-viii-edicion-de-la-traca\\\/#breadcrumblist\"},\"author\":{\"@id\":\"https:\\\/\\\/www.edav.es\\\/es\\\/author\\\/teresa-edav\\\/#author\"},\"creator\":{\"@id\":\"https:\\\/\\\/www.edav.es\\\/es\\\/author\\\/teresa-edav\\\/#author\"},\"image\":{\"@type\":\"ImageObject\",\"url\":\"https:\\\/\\\/www.edav.es\\\/wp-content\\\/uploads\\\/2026\\\/09\\\/JURADO-DE-LA-TRACA-2026.png\",\"@id\":\"https:\\\/\\\/www.edav.es\\\/es\\\/ya-tenemos-los-tres-finalistas-de-la-viii-edicion-de-la-traca\\\/#mainImage\",\"width\":622,\"height\":436},\"primaryImageOfPage\":{\"@id\":\"https:\\\/\\\/www.edav.es\\\/es\\\/ya-tenemos-los-tres-finalistas-de-la-viii-edicion-de-la-traca\\\/#mainImage\"},\"datePublished\":\"2026-09-03T12:31:23+02:00\",\"dateModified\":\"2026-09-03T12:37:26+02:00\"},{\"@type\":\"WebSite\",\"@id\":\"https:\\\/\\\/www.edav.es\\\/es\\\/#website\",\"url\":\"https:\\\/\\\/www.edav.es\\\/es\\\/\",\"name\":\"EDAV\",\"description\":\"Escriptors de l'Audiovisual Valenci\\u00e0\",\"inLanguage\":\"es-ES\",\"publisher\":{\"@id\":\"https:\\\/\\\/www.edav.es\\\/es\\\/#organization\"}}]}\n\t\t<\/script>\n\t\t<!-- All in One SEO -->\n\n","aioseo_head_json":{"title":"YA TENEMOS LOS TRES FINALISTAS DE LA VIII EDICI\u00d3N DE LA TRACA | EDAV","description":"","canonical_url":"https:\/\/www.edav.es\/es\/ya-tenemos-los-tres-finalistas-de-la-viii-edicion-de-la-traca\/","robots":"max-image-preview:large","keywords":"","webmasterTools":{"miscellaneous":""},"schema":{"@context":"https:\/\/schema.org","@graph":[{"@type":"Article","@id":"https:\/\/www.edav.es\/es\/ya-tenemos-los-tres-finalistas-de-la-viii-edicion-de-la-traca\/#article","name":"YA TENEMOS LOS TRES FINALISTAS DE LA VIII EDICI\u00d3N DE LA TRACA | EDAV","headline":"YA TENEMOS LOS TRES FINALISTAS DE LA VIII EDICI\u00d3N DE LA TRACA","author":{"@id":"https:\/\/www.edav.es\/es\/author\/teresa-edav\/#author"},"publisher":{"@id":"https:\/\/www.edav.es\/es\/#organization"},"image":{"@type":"ImageObject","url":"https:\/\/www.edav.es\/wp-content\/uploads\/2026\/09\/JURADO-DE-LA-TRACA-2026.png","width":622,"height":436},"datePublished":"2026-09-03T12:31:23+02:00","dateModified":"2026-09-03T12:37:26+02:00","inLanguage":"es-ES","mainEntityOfPage":{"@id":"https:\/\/www.edav.es\/es\/ya-tenemos-los-tres-finalistas-de-la-viii-edicion-de-la-traca\/#webpage"},"isPartOf":{"@id":"https:\/\/www.edav.es\/es\/ya-tenemos-los-tres-finalistas-de-la-viii-edicion-de-la-traca\/#webpage"},"articleSection":"Noticias"},{"@type":"BreadcrumbList","@id":"https:\/\/www.edav.es\/es\/ya-tenemos-los-tres-finalistas-de-la-viii-edicion-de-la-traca\/#breadcrumblist","itemListElement":[{"@type":"ListItem","@id":"https:\/\/www.edav.es\/es\/#listItem","position":1,"name":"Home","item":"https:\/\/www.edav.es\/es\/","nextItem":{"@type":"ListItem","@id":"https:\/\/www.edav.es\/es\/categorias\/noticias\/#listItem","name":"Noticias"}},{"@type":"ListItem","@id":"https:\/\/www.edav.es\/es\/categorias\/noticias\/#listItem","position":2,"name":"Noticias","item":"https:\/\/www.edav.es\/es\/categorias\/noticias\/","nextItem":{"@type":"ListItem","@id":"https:\/\/www.edav.es\/es\/ya-tenemos-los-tres-finalistas-de-la-viii-edicion-de-la-traca\/#listItem","name":"YA TENEMOS LOS TRES FINALISTAS DE LA VIII EDICI\u00d3N DE LA TRACA"},"previousItem":{"@type":"ListItem","@id":"https:\/\/www.edav.es\/es\/#listItem","name":"Home"}},{"@type":"ListItem","@id":"https:\/\/www.edav.es\/es\/ya-tenemos-los-tres-finalistas-de-la-viii-edicion-de-la-traca\/#listItem","position":3,"name":"YA TENEMOS LOS TRES FINALISTAS DE LA VIII EDICI\u00d3N DE LA TRACA","previousItem":{"@type":"ListItem","@id":"https:\/\/www.edav.es\/es\/categorias\/noticias\/#listItem","name":"Noticias"}}]},{"@type":"Organization","@id":"https:\/\/www.edav.es\/es\/#organization","name":"EDAV","description":"Escriptors de l'Audiovisual Valenci\u00e0","url":"https:\/\/www.edav.es\/es\/","logo":{"@type":"ImageObject","url":"https:\/\/www.edav.es\/wp-content\/uploads\/2026\/01\/logo-edav-2026.png","@id":"https:\/\/www.edav.es\/es\/ya-tenemos-los-tres-finalistas-de-la-viii-edicion-de-la-traca\/#organizationLogo","width":265,"height":70,"caption":"logotipo EDAV"},"image":{"@id":"https:\/\/www.edav.es\/es\/ya-tenemos-los-tres-finalistas-de-la-viii-edicion-de-la-traca\/#organizationLogo"}},{"@type":"Person","@id":"https:\/\/www.edav.es\/es\/author\/teresa-edav\/#author","url":"https:\/\/www.edav.es\/es\/author\/teresa-edav\/","name":"edav","image":{"@type":"ImageObject","@id":"https:\/\/www.edav.es\/es\/ya-tenemos-los-tres-finalistas-de-la-viii-edicion-de-la-traca\/#authorImage","url":"https:\/\/secure.gravatar.com\/avatar\/13a880c0e5ec8caa997d8c08c3ce35c20effc2161d34c0a4547b6e47d7cb11a0?s=96&d=mm&r=g","width":96,"height":96,"caption":"edav"}},{"@type":"WebPage","@id":"https:\/\/www.edav.es\/es\/ya-tenemos-los-tres-finalistas-de-la-viii-edicion-de-la-traca\/#webpage","url":"https:\/\/www.edav.es\/es\/ya-tenemos-los-tres-finalistas-de-la-viii-edicion-de-la-traca\/","name":"YA TENEMOS LOS TRES FINALISTAS DE LA VIII EDICI\u00d3N DE LA TRACA | EDAV","inLanguage":"es-ES","isPartOf":{"@id":"https:\/\/www.edav.es\/es\/#website"},"breadcrumb":{"@id":"https:\/\/www.edav.es\/es\/ya-tenemos-los-tres-finalistas-de-la-viii-edicion-de-la-traca\/#breadcrumblist"},"author":{"@id":"https:\/\/www.edav.es\/es\/author\/teresa-edav\/#author"},"creator":{"@id":"https:\/\/www.edav.es\/es\/author\/teresa-edav\/#author"},"image":{"@type":"ImageObject","url":"https:\/\/www.edav.es\/wp-content\/uploads\/2026\/09\/JURADO-DE-LA-TRACA-2026.png","@id":"https:\/\/www.edav.es\/es\/ya-tenemos-los-tres-finalistas-de-la-viii-edicion-de-la-traca\/#mainImage","width":622,"height":436},"primaryImageOfPage":{"@id":"https:\/\/www.edav.es\/es\/ya-tenemos-los-tres-finalistas-de-la-viii-edicion-de-la-traca\/#mainImage"},"datePublished":"2026-09-03T12:31:23+02:00","dateModified":"2026-09-03T12:37:26+02:00"},{"@type":"WebSite","@id":"https:\/\/www.edav.es\/es\/#website","url":"https:\/\/www.edav.es\/es\/","name":"EDAV","description":"Escriptors de l'Audiovisual Valenci\u00e0","inLanguage":"es-ES","publisher":{"@id":"https:\/\/www.edav.es\/es\/#organization"}}]},"og:locale":"es_ES","og:site_name":"EDAV | Escriptors de l'Audiovisual Valenci\u00e0","og:type":"article","og:title":"YA TENEMOS LOS TRES FINALISTAS DE LA VIII EDICI\u00d3N DE LA TRACA | EDAV","og:url":"https:\/\/www.edav.es\/es\/ya-tenemos-los-tres-finalistas-de-la-viii-edicion-de-la-traca\/","og:image":"https:\/\/www.edav.es\/wp-content\/uploads\/2026\/01\/logo-edav-2026.png","og:image:secure_url":"https:\/\/www.edav.es\/wp-content\/uploads\/2026\/01\/logo-edav-2026.png","article:published_time":"2026-09-03T10:31:23+00:00","article:modified_time":"2026-09-03T10:37:26+00:00","twitter:card":"summary","twitter:title":"YA TENEMOS LOS TRES FINALISTAS DE LA VIII EDICI\u00d3N DE LA TRACA | EDAV","twitter:image":"https:\/\/www.edav.es\/wp-content\/uploads\/2026\/01\/logo-edav-2026.png"},"aioseo_meta_data":{"post_id":"12805","title":null,"description":null,"keywords":null,"keyphrases":{"focus":{"keyphrase":"","score":0,"analysis":{"keyphraseInTitle":{"score":0,"maxScore":9,"error":1}}},"additional":[]},"primary_term":null,"canonical_url":null,"og_title":null,"og_description":null,"og_object_type":"default","og_image_type":"default","og_image_url":null,"og_image_width":null,"og_image_height":null,"og_image_custom_url":null,"og_image_custom_fields":null,"og_video":"","og_custom_url":null,"og_article_section":null,"og_article_tags":null,"twitter_use_og":false,"twitter_card":"default","twitter_image_type":"default","twitter_image_url":null,"twitter_image_custom_url":null,"twitter_image_custom_fields":null,"twitter_title":null,"twitter_description":null,"schema":{"blockGraphs":[],"customGraphs":[],"default":{"data":{"Article":[],"Course":[],"Dataset":[],"FAQPage":[],"Movie":[],"Person":[],"Product":[],"ProductReview":[],"Car":[],"Recipe":[],"Service":[],"SoftwareApplication":[],"WebPage":[]},"graphName":"Article","isEnabled":true},"graphs":[]},"schema_type":"default","schema_type_options":null,"pillar_content":false,"robots_default":true,"robots_noindex":false,"robots_noarchive":false,"robots_nosnippet":false,"robots_nofollow":false,"robots_noimageindex":false,"robots_noodp":false,"robots_notranslate":false,"robots_max_snippet":"-1","robots_max_videopreview":"-1","robots_max_imagepreview":"large","priority":null,"frequency":"default","local_seo":null,"breadcrumb_settings":null,"limit_modified_date":false,"ai":{"faqs":[],"keyPoints":[],"schemas":[],"titles":[],"descriptions":[],"socialPosts":{"email":{"subject":"","preview":"","content":""},"linkedin":[],"twitter":[],"facebook":[],"instagram":[]}},"created":"2026-09-03 10:31:56","updated":"2026-09-03 13:29:30","seo_analyzer_scan_date":null,"focus_keyword":null,"additional_keywords":null,"truseo_locale":null},"aioseo_breadcrumb":"<div class=\"aioseo-breadcrumbs\"><span class=\"aioseo-breadcrumb\">\n\t\t\t<a href=\"https:\/\/www.edav.es\/es\/\" title=\"Home\">Home<\/a>\n\t\t<\/span><span class=\"aioseo-breadcrumb-separator\">&raquo;<\/span><span class=\"aioseo-breadcrumb\">\n\t\t\t<a href=\"https:\/\/www.edav.es\/es\/categorias\/noticias\/\" title=\"Noticias\">Noticias<\/a>\n\t\t<\/span><span class=\"aioseo-breadcrumb-separator\">&raquo;<\/span><span class=\"aioseo-breadcrumb\">\n\t\t\tYA TENEMOS LOS TRES FINALISTAS DE LA VIII EDICI\u00d3N DE LA TRACA\n\t\t<\/span><\/div>","aioseo_breadcrumb_json":[{"label":"Home","link":"https:\/\/www.edav.es\/es\/"},{"label":"Noticias","link":"https:\/\/www.edav.es\/es\/categorias\/noticias\/"},{"label":"YA TENEMOS LOS TRES FINALISTAS DE LA VIII EDICI\u00d3N DE LA TRACA","link":"https:\/\/www.edav.es\/es\/ya-tenemos-los-tres-finalistas-de-la-viii-edicion-de-la-traca\/"}],"_links":{"self":[{"href":"https:\/\/www.edav.es\/es\/wp-json\/wp\/v2\/posts\/12805","targetHints":{"allow":["GET"]}}],"collection":[{"href":"https:\/\/www.edav.es\/es\/wp-json\/wp\/v2\/posts"}],"about":[{"href":"https:\/\/www.edav.es\/es\/wp-json\/wp\/v2\/types\/post"}],"author":[{"embeddable":true,"href":"https:\/\/www.edav.es\/es\/wp-json\/wp\/v2\/users\/318"}],"replies":[{"embeddable":true,"href":"https:\/\/www.edav.es\/es\/wp-json\/wp\/v2\/comments?post=12805"}],"version-history":[{"count":1,"href":"https:\/\/www.edav.es\/es\/wp-json\/wp\/v2\/posts\/12805\/revisions"}],"predecessor-version":[{"id":12806,"href":"https:\/\/www.edav.es\/es\/wp-json\/wp\/v2\/posts\/12805\/revisions\/12806"}],"wp:featuredmedia":[{"embeddable":true,"href":"https:\/\/www.edav.es\/es\/wp-json\/wp\/v2\/media\/12795"}],"wp:attachment":[{"href":"https:\/\/www.edav.es\/es\/wp-json\/wp\/v2\/media?parent=12805"}],"wp:term":[{"taxonomy":"category","embeddable":true,"href":"https:\/\/www.edav.es\/es\/wp-json\/wp\/v2\/categories?post=12805"},{"taxonomy":"post_tag","embeddable":true,"href":"https:\/\/www.edav.es\/es\/wp-json\/wp\/v2\/tags?post=12805"}],"curies":[{"name":"wp","href":"https:\/\/api.w.org\/{rel}","templated":true}]}}