{"id":414,"date":"2011-07-15T10:49:32","date_gmt":"2011-07-15T09:49:32","guid":{"rendered":"http:\/\/www.edav.es\/?p=414"},"modified":"2024-05-22T11:39:42","modified_gmt":"2024-05-22T09:39:42","slug":"414","status":"publish","type":"post","link":"https:\/\/www.edav.es\/es\/414\/","title":{"rendered":"El presidente de EDAV asiste al Primer Encuentro Iberoamericano de Escritores Cinematogr\u00e1ficos celebrado en la Ciudad de Mexico"},"content":{"rendered":"<p>El presidente de la asociaci\u00f3n profesional de guionistas Escriptors de l\u2019Audiovisual Valenci\u00e0 (EDAV), miembro de la Junta Directiva de FAGA y representante de FAGA en Europa (FSE) Juan Jos\u00e9 Moscard\u00f3, ha participado en el Primer Encuentro Iberoamericano de Escritores Cinematogr\u00e1ficos celebrado del 6 al 9 de julio en el Centro Cultural Universitario Tlatelolco, en la Ciudad de M\u00e9xico. <!--more-->Organizado por Escritores Cinematogr\u00e1ficos El Garfio A.C., en colaboraci\u00f3n con el IMCINE y El Centro Cultural Universitario de Tlatelolco, UNAM, el\u00a0 objetivo del Encuentro ha sido el de enriquecer el trabajo y la formaci\u00f3n del escritor de cine a trav\u00e9s de la reflexi\u00f3n e intercambio de enfoques, estrategias y experiencias entre guionistas iberoamericanos.<\/p>\n<p>Juan Jos\u00e9 Moscard\u00f3 ha felicitado a la organizaci\u00f3n por la realizaci\u00f3n del encuentro y ha subrayado la importancia de esta interesante iniciativa que ha reunido a guionistas de Colombia, Argentina, Brasil, Cuba, Venezuela y Espa\u00f1a, en la que se ha reflexionado, entre otros grandes asuntos, sobre las condiciones de los guionistas en Ibero\u00e1merica.<\/p>\n<p>Durante el desarrollo del evento, el presidente de Escriptors de l\u2019Audiovisual Valenci\u00e0 (EDAV) ha participado en dos mesas de discusi\u00f3n. En la primera de ellas, celebrada el viernes 8 de julio bajo el t\u00edtulo \u201cPol\u00edtica p\u00fablica y mercados cinematogr\u00e1ficos en Iberoam\u00e9rica\u201d,\u00a0 se ha ofrecido un panorama general sobre el mercado de guiones y las pol\u00edticas p\u00fablicas para la escritura cinematogr\u00e1fica en Iberoam\u00e9rica y se ha resaltado la importancia del guionista y su formaci\u00f3n dentro de las industrias cinematogr\u00e1ficas y econom\u00edas nacionales. Junto a Moscard\u00f3 tambi\u00e9n han intervenido en esta sesi\u00f3n el reputado guionista Carlos<br \/>\nCuar\u00f3n, la directora del Directora General del Instituto Mexicano de Cinematograf\u00eda (IMCINE), Marina Stavenhagen y el guionista Armando Casas.<\/p>\n<p>Asimismo, Moscard\u00f3 ha participado en el panel \u201cOrganizaciones y colectivos de guionistas\u201d, que tuvo lugar el s\u00e1bado 9 de julio, y en el que ha ofrecido su<br \/>\nvisi\u00f3n y experiencia en la b\u00fasqueda de oportunidades para la escritura, colocaci\u00f3n y venta de guiones en Iberoam\u00e9rica desde la perspectiva de una organizaci\u00f3n de guionistas.<\/p>\n<p>El encuentro concluy\u00f3 el pasado 9 de julio y ha contado con la presencia de varios guionistas de reconocida trayectoria internacional como el mexicano<br \/>\nGuillermo Arriaga, (\u201cAmores perros\u201d), el cubano Senel Paz (\u00abFresa y chocolate\u00bb), el argentino Eduardo Sacheri (\u00abEl secreto de sus ojos\u00bb), el chileno Mat\u00edas Bize (\u00abLa vida de los peces\u00bb), y las mexicanas Paz Alicia Garc\u00edadiego (\u00abLa virgen de la lujuria\u00bb) y Beatriz Novaro (\u00abDanz\u00f3n\u00bb), entre otros<\/p>\n","protected":false},"excerpt":{"rendered":"<p>El presidente de la asociaci\u00f3n profesional de guionistas Escriptors de l\u2019Audiovisual Valenci\u00e0 (EDAV), miembro de la Junta Directiva de FAGA y representante de FAGA en Europa (FSE) Juan Jos\u00e9 Moscard\u00f3, ha participado en el Primer Encuentro Iberoamericano de Escritores Cinematogr\u00e1ficos celebrado del 6 al 9 de julio en el Centro Cultural Universitario Tlatelolco, en la &#8230; <a title=\"El presidente de EDAV asiste al Primer Encuentro Iberoamericano de Escritores Cinematogr\u00e1ficos celebrado en la Ciudad de Mexico\" class=\"read-more\" href=\"https:\/\/www.edav.es\/es\/414\/\" aria-label=\"Leer m\u00e1s sobre El presidente de EDAV asiste al Primer Encuentro Iberoamericano de Escritores Cinematogr\u00e1ficos celebrado en la Ciudad de Mexico\">Leer m\u00e1s<\/a><\/p>\n","protected":false},"author":318,"featured_media":0,"comment_status":"open","ping_status":"open","sticky":false,"template":"","format":"standard","meta":{"_acf_changed":false,"generate_page_header":"","footnotes":""},"categories":[1],"tags":[],"class_list":["post-414","post","type-post","status-publish","format-standard","hentry","category-noticias","infinite-scroll-item","masonry-post","generate-columns","tablet-grid-50","mobile-grid-100","grid-parent","grid-50"],"acf":[],"aioseo_notices":[],"_links":{"self":[{"href":"https:\/\/www.edav.es\/es\/wp-json\/wp\/v2\/posts\/414","targetHints":{"allow":["GET"]}}],"collection":[{"href":"https:\/\/www.edav.es\/es\/wp-json\/wp\/v2\/posts"}],"about":[{"href":"https:\/\/www.edav.es\/es\/wp-json\/wp\/v2\/types\/post"}],"author":[{"embeddable":true,"href":"https:\/\/www.edav.es\/es\/wp-json\/wp\/v2\/users\/318"}],"replies":[{"embeddable":true,"href":"https:\/\/www.edav.es\/es\/wp-json\/wp\/v2\/comments?post=414"}],"version-history":[{"count":4,"href":"https:\/\/www.edav.es\/es\/wp-json\/wp\/v2\/posts\/414\/revisions"}],"predecessor-version":[{"id":418,"href":"https:\/\/www.edav.es\/es\/wp-json\/wp\/v2\/posts\/414\/revisions\/418"}],"wp:attachment":[{"href":"https:\/\/www.edav.es\/es\/wp-json\/wp\/v2\/media?parent=414"}],"wp:term":[{"taxonomy":"category","embeddable":true,"href":"https:\/\/www.edav.es\/es\/wp-json\/wp\/v2\/categories?post=414"},{"taxonomy":"post_tag","embeddable":true,"href":"https:\/\/www.edav.es\/es\/wp-json\/wp\/v2\/tags?post=414"}],"curies":[{"name":"wp","href":"https:\/\/api.w.org\/{rel}","templated":true}]}}