{"id":468,"date":"2011-04-14T12:51:43","date_gmt":"2011-04-14T11:51:43","guid":{"rendered":"http:\/\/www.edav.es\/?p=468"},"modified":"2024-05-22T12:03:17","modified_gmt":"2024-05-22T10:03:17","slug":"ciudad-de-la-luz-acoge-la-presentacion-del-estudio-impulsado-por-edav-los-guionistas-en-la-comunidad-valenciana","status":"publish","type":"post","link":"https:\/\/www.edav.es\/es\/ciudad-de-la-luz-acoge-la-presentacion-del-estudio-impulsado-por-edav-los-guionistas-en-la-comunidad-valenciana\/","title":{"rendered":"CIUDAD DE LA LUZ ACOGE LA PRESENTACI\u00d3N DEL ESTUDIO IMPULSADO POR EDAV \u00bb LOS GUIONISTAS EN LA COMUNIDAD VALENCIANA\u00bb"},"content":{"rendered":"<p><strong><a href=\"http:\/\/www.edav.es\/ciudad-de-la-luz-acoge-la-presentacion-del-estudio-impulsado-por-edav-los-guionistas-en-la-comunidad-valenciana\/guioncdl\/\" rel=\"attachment wp-att-469\"><img loading=\"lazy\" decoding=\"async\" class=\"alignleft size-medium wp-image-469\" title=\"GUIONCDL\" src=\"http:\/\/www.edav.es\/wp-content\/uploads\/GUIONCDL-300x225.jpg\" alt=\"\" width=\"300\" height=\"225\" srcset=\"https:\/\/www.edav.es\/wp-content\/uploads\/GUIONCDL-300x225.jpg 300w, https:\/\/www.edav.es\/wp-content\/uploads\/GUIONCDL-1024x768.jpg 1024w\" sizes=\"auto, (max-width: 300px) 100vw, 300px\" \/><\/a>El Centro de Estudios Ciudad de <\/strong><strong>la Luz ha acogido este martes la presentaci\u00f3n del estudio &#8216;Los Guionistas en la <\/strong><strong>Comunitat Valenciana&#8217;, una iniciativa de la Fundaci\u00f3n Autor, la asociaci\u00f3n E<\/strong><strong>scriptors de l\u2019Audiovisual Valenci\u00e0 (EDAV) y la Universitat de Val\u00e8ncia. El <\/strong><strong>trabajo ya fue presentado en Valencia el pasado mes de diciembre, ahora se ha <\/strong><strong>dado a conocer en Alicante y m\u00e1s adelante se presentar\u00e1 en Castell\u00f3n.<!--more--><\/strong><\/p>\n<p>Al acto, que ha congregado a un gran n\u00famero de personas, han asistido la directora general de Ciudad de la Luz, Elsa Mart\u00ednez, la directora general del IVAC, Nuria Cidoncha; el director del Centro de Estudios Ciudad de la Luz, Luis Cruz; el presidente de Escriptors de l&#8217;Audiovisual Valenci\u00e0 (EDAV), Juanjo Moscard\u00f3; la autora del estudio, Irene Cubells; el coordinador del \u00c1rea de Estudios de la Fundaci\u00f3n Autor, Rub\u00e9n Guti\u00e9rrez, y el coordinador de la SGAE en la Comunitat Valenciana, Antonio Mart\u00ednez.<\/p>\n<p>En el transcurso de la presentaci\u00f3n se ha puesto sobre la mesa la precaria situaci\u00f3n profesional a la que se enfrentan los guionistas de la CV. As\u00ed, las conclusiones del informe han sido hechas p\u00fablicas por el coordinador del \u00c1rea de estudios de la Fundaci\u00f3n Autor de la SGAE, Rub\u00e9n Guti\u00e9rrez, de las que se\u00a0 desprende que las principales reclamaciones profesionales del sector de los guionistas en la Comunitat son la inestabilidad laboral, la falta de oportunidades, el poco reconocimiento de su labor, los bajos ingresos percibidos y el exceso de horas de dedicaci\u00f3n.<\/p>\n<p>Del resto de intervenciones cabe destacar la autora del estudio, Irene Cubells, quien ha manifestado que el objetivo del proyecto \u00abes conocer la realidad laboral de dicho gremio, con la finalidad de, a partir de datos rigurosos extra\u00eddos mediante un procedimiento muestral, impulsar la profesionalizaci\u00f3n y poder mejorar dicha situaci\u00f3n laboral\u201d. Por su parte, el presidente del EDAV, Juanjo Moscard\u00f3, ha se\u00f1alado que \u00abuna herramienta adicional para mejorar las precarias condiciones laboral y econ\u00f3mica es la de unirse a asociaciones para, de este modo, poder ejercer mayor fuerza\u201d. Antonio Mart\u00ednez ha resaltado tanto<br \/>\nla necesidad del estudio presentado hoy como de darlo a conocer para que la profesi\u00f3n \u00abevolucione, cambie y crezca\u00bb.<\/p>\n<p>Elsa Mart\u00ednez ha subrayado \u00abla importancia de los guionistas en la industria audiovisual, puesto que sin guionistas no habr\u00eda cine y no existir\u00eda, por tanto, obra audiovisual\u00bb. Por su parte, la directora general del IVAC, Nuria Cidoncha, ha se\u00f1alado que \u00abgracias a los acuerdos alcanzados entre el IVAC y la<br \/>\nasociaci\u00f3n EDAV, se ha contribuido a mejorar la situaci\u00f3n de este colectivo y estamos descubriendo el alto nivel profesional que tenemos en nuestra Comunitat.\u00bb<\/p>\n<p>Finalmente, el debate de los ponentes ha girado hacia el papel desempe\u00f1ado por los productores a la hora de mover un gui\u00f3n y obtener la financiaci\u00f3n, momento en el que la directora de los plat\u00f3s alicantinos ha defendido la tarea de este colectivo, de quienes ha se\u00f1alado que \u00abtienen la tarea m\u00e1s fea del cine espa\u00f1ol\u00bb.<\/p>\n","protected":false},"excerpt":{"rendered":"<p>El Centro de Estudios Ciudad de la Luz ha acogido este martes la presentaci\u00f3n del estudio &#8216;Los Guionistas en la Comunitat Valenciana&#8217;, una iniciativa de la Fundaci\u00f3n Autor, la asociaci\u00f3n Escriptors de l\u2019Audiovisual Valenci\u00e0 (EDAV) y la Universitat de Val\u00e8ncia. El trabajo ya fue presentado en Valencia el pasado mes de diciembre, ahora se ha &#8230; <a title=\"CIUDAD DE LA LUZ ACOGE LA PRESENTACI\u00d3N DEL ESTUDIO IMPULSADO POR EDAV \u00bb LOS GUIONISTAS EN LA COMUNIDAD VALENCIANA\u00bb\" class=\"read-more\" href=\"https:\/\/www.edav.es\/es\/ciudad-de-la-luz-acoge-la-presentacion-del-estudio-impulsado-por-edav-los-guionistas-en-la-comunidad-valenciana\/\" aria-label=\"Leer m\u00e1s sobre CIUDAD DE LA LUZ ACOGE LA PRESENTACI\u00d3N DEL ESTUDIO IMPULSADO POR EDAV \u00bb LOS GUIONISTAS EN LA COMUNIDAD VALENCIANA\u00bb\">Leer m\u00e1s<\/a><\/p>\n","protected":false},"author":318,"featured_media":0,"comment_status":"open","ping_status":"open","sticky":false,"template":"","format":"standard","meta":{"_acf_changed":false,"generate_page_header":"","footnotes":""},"categories":[1],"tags":[],"class_list":["post-468","post","type-post","status-publish","format-standard","hentry","category-noticias","infinite-scroll-item","masonry-post","generate-columns","tablet-grid-50","mobile-grid-100","grid-parent","grid-50"],"acf":[],"aioseo_notices":[],"_links":{"self":[{"href":"https:\/\/www.edav.es\/es\/wp-json\/wp\/v2\/posts\/468","targetHints":{"allow":["GET"]}}],"collection":[{"href":"https:\/\/www.edav.es\/es\/wp-json\/wp\/v2\/posts"}],"about":[{"href":"https:\/\/www.edav.es\/es\/wp-json\/wp\/v2\/types\/post"}],"author":[{"embeddable":true,"href":"https:\/\/www.edav.es\/es\/wp-json\/wp\/v2\/users\/318"}],"replies":[{"embeddable":true,"href":"https:\/\/www.edav.es\/es\/wp-json\/wp\/v2\/comments?post=468"}],"version-history":[{"count":6,"href":"https:\/\/www.edav.es\/es\/wp-json\/wp\/v2\/posts\/468\/revisions"}],"predecessor-version":[{"id":11005,"href":"https:\/\/www.edav.es\/es\/wp-json\/wp\/v2\/posts\/468\/revisions\/11005"}],"wp:attachment":[{"href":"https:\/\/www.edav.es\/es\/wp-json\/wp\/v2\/media?parent=468"}],"wp:term":[{"taxonomy":"category","embeddable":true,"href":"https:\/\/www.edav.es\/es\/wp-json\/wp\/v2\/categories?post=468"},{"taxonomy":"post_tag","embeddable":true,"href":"https:\/\/www.edav.es\/es\/wp-json\/wp\/v2\/tags?post=468"}],"curies":[{"name":"wp","href":"https:\/\/api.w.org\/{rel}","templated":true}]}}