{"id":499,"date":"2010-12-10T13:17:52","date_gmt":"2010-12-10T12:17:52","guid":{"rendered":"http:\/\/www.edav.es\/?p=499"},"modified":"2024-05-22T12:04:21","modified_gmt":"2024-05-22T10:04:21","slug":"presentacion-del-estudio-los-guionistas-en-la-comunidad-valenciana","status":"publish","type":"post","link":"https:\/\/www.edav.es\/es\/presentacion-del-estudio-los-guionistas-en-la-comunidad-valenciana\/","title":{"rendered":"Presentaci\u00f3n del estudio &#8216;Los guionistas en la Comunidad Valenciana&#8217;"},"content":{"rendered":"<p><a href=\"http:\/\/www.edav.es\/presentacion-del-estudio-los-guionistas-en-la-comunidad-valenciana\/flyerguionistas\/\" rel=\"attachment wp-att-500\"><img loading=\"lazy\" decoding=\"async\" class=\"alignleft size-medium wp-image-500\" title=\"flyerguionistas\" src=\"http:\/\/www.edav.es\/wp-content\/uploads\/flyerguionistas-272x300.jpg\" alt=\"\" width=\"246\" height=\"278\" \/><\/a>El pr\u00f3ximo 17 de diciembre, a las 19.30 horas,\u00a0la sede de SGAE en Valencia (Blanquer\u00edas, 6) acoger\u00e1 la presentaci\u00f3n del estudio &#8216;Los guionistas en la<br \/>\nComunidad Valenciana\u2019.<\/p>\n<p>El informe ofrece una radiograf\u00eda de este colectivo profesional en la Comunidad Valenciana<\/p>\n<p>Es una iniciativa de la Fundaci\u00f3n Autor, la asociaci\u00f3n Escriptors de l\u2019Audiovisual Valenci\u00e0 (EDAV) y la Universitat de Val\u00e8ncia<\/p>\n<p>Se entregar\u00e1 un ejemplar del estudio a los\u00a0asistentes<\/p>\n","protected":false},"excerpt":{"rendered":"<p>El pr\u00f3ximo 17 de diciembre, a las 19.30 horas,\u00a0la sede de SGAE en Valencia (Blanquer\u00edas, 6) acoger\u00e1 la presentaci\u00f3n del estudio &#8216;Los guionistas en la Comunidad Valenciana\u2019. El informe ofrece una radiograf\u00eda de este colectivo profesional en la Comunidad Valenciana Es una iniciativa de la Fundaci\u00f3n Autor, la asociaci\u00f3n Escriptors de l\u2019Audiovisual Valenci\u00e0 (EDAV) y &#8230; <a title=\"Presentaci\u00f3n del estudio &#8216;Los guionistas en la Comunidad Valenciana&#8217;\" class=\"read-more\" href=\"https:\/\/www.edav.es\/es\/presentacion-del-estudio-los-guionistas-en-la-comunidad-valenciana\/\" aria-label=\"Leer m\u00e1s sobre Presentaci\u00f3n del estudio &#8216;Los guionistas en la Comunidad Valenciana&#8217;\">Leer m\u00e1s<\/a><\/p>\n","protected":false},"author":318,"featured_media":0,"comment_status":"open","ping_status":"open","sticky":false,"template":"","format":"standard","meta":{"_acf_changed":false,"generate_page_header":"","footnotes":""},"categories":[1],"tags":[],"class_list":["post-499","post","type-post","status-publish","format-standard","hentry","category-noticias","infinite-scroll-item","masonry-post","generate-columns","tablet-grid-50","mobile-grid-100","grid-parent","grid-50"],"acf":[],"aioseo_notices":[],"_links":{"self":[{"href":"https:\/\/www.edav.es\/es\/wp-json\/wp\/v2\/posts\/499","targetHints":{"allow":["GET"]}}],"collection":[{"href":"https:\/\/www.edav.es\/es\/wp-json\/wp\/v2\/posts"}],"about":[{"href":"https:\/\/www.edav.es\/es\/wp-json\/wp\/v2\/types\/post"}],"author":[{"embeddable":true,"href":"https:\/\/www.edav.es\/es\/wp-json\/wp\/v2\/users\/318"}],"replies":[{"embeddable":true,"href":"https:\/\/www.edav.es\/es\/wp-json\/wp\/v2\/comments?post=499"}],"version-history":[{"count":6,"href":"https:\/\/www.edav.es\/es\/wp-json\/wp\/v2\/posts\/499\/revisions"}],"predecessor-version":[{"id":11013,"href":"https:\/\/www.edav.es\/es\/wp-json\/wp\/v2\/posts\/499\/revisions\/11013"}],"wp:attachment":[{"href":"https:\/\/www.edav.es\/es\/wp-json\/wp\/v2\/media?parent=499"}],"wp:term":[{"taxonomy":"category","embeddable":true,"href":"https:\/\/www.edav.es\/es\/wp-json\/wp\/v2\/categories?post=499"},{"taxonomy":"post_tag","embeddable":true,"href":"https:\/\/www.edav.es\/es\/wp-json\/wp\/v2\/tags?post=499"}],"curies":[{"name":"wp","href":"https:\/\/api.w.org\/{rel}","templated":true}]}}