{"id":723,"date":"2010-07-28T11:40:00","date_gmt":"2010-07-28T10:40:00","guid":{"rendered":"http:\/\/www.edav.es\/?p=723"},"modified":"2024-05-22T12:05:54","modified_gmt":"2024-05-22T10:05:54","slug":"valencia-acoge-el-i-encuentro-de-guionistas-que-se-celebra-en-espana","status":"publish","type":"post","link":"https:\/\/www.edav.es\/es\/valencia-acoge-el-i-encuentro-de-guionistas-que-se-celebra-en-espana\/","title":{"rendered":"Valencia acoge el I Encuentro de Guionistas que se celebra en Espa\u00f1a"},"content":{"rendered":"<p>Valencia acoger\u00e1 los pr\u00f3ximos d\u00edas 1, 2 y 3 de octubre el Primer Encuentro de Guionistas que se celebra en Espa\u00f1a. Convocado por el Foro de Asociaciones de Guionistas del Audiovisual (FAGA) y el Sindicato de Guionistas\u00a0ALMA, con el respaldo de Federation Scriptwriters Europe (FSE)y el patrocinio del Instituto Valenciano del Audiovisual y la Cinematograf\u00eda (IVAC), el evento est\u00e1 organizado por Escriptors de l\u2019Audiovisual Valenci\u00e0 (EDAV) y reunir\u00e1 por vez primera a m\u00e1s de un centenar de escritores de cine, televisi\u00f3n y nuevos medios para abordar los temas m\u00e1s acuciantes que en la actualidad afectan a su pr\u00e1ctica profesional.<\/p>\n<p><!--more--><\/p>\n<p>Bajo el lema LA PROFESI\u00d3N DE GUIONISTA EN LA INDUSTRIA AUDIOVISUAL, el encuentro contar\u00e1 con la participaci\u00f3n de un grupo de expertos y profesionales de referencia europea e internacional<a title=\"\" href=\"#_ftn1\">*<\/a> que reflexionar\u00e1n en torno a la creaci\u00f3n de contenidos como pieza clave de las industrias culturales y pondr\u00e1n sobre la mesa la agenda de innovaciones que afectan a la creaci\u00f3n, a la distribuci\u00f3n, a la protecci\u00f3n de los derechos y a las evoluciones del oficio de guionista en el contexto de la industria audiovisual europea.<\/p>\n<p>Asimismo, el evento, con la implicaci\u00f3n de FAGA y ALMA, aspira a dar un poderoso impulso al asociacionismo entre guionistas y a la cooperaci\u00f3n entre creadores de las distintas comunidades aut\u00f3nomas contribuyendo a armonizar pr\u00e1cticas, opiniones y tomas de posici\u00f3n en algunas de las cuestiones cruciales<br \/>\nde la industria audiovisual.<\/p>\n<p>De la misma manera, cuenta con el apoyo expl\u00edcito de la Federaci\u00f3n de Asociaciones Europeas de Guionistas, lo que hace posible la irradiaci\u00f3n de la imagen de los guionistas espa\u00f1oles en toda Europa profundizando especialmente las relaciones con la cinematograf\u00eda y el audiovisual de Francia, Italia, Reino Unido y Alemania.<\/p>\n<p>El contenido del encuentro se abordar\u00e1 a partir de un programa estructurado en torno a tres grandes ejes, que tratar\u00e1n en profundidad los siguientes temas:<\/p>\n<ol>\n<li>Desaf\u00edos y alternativas para la\u00a0regulaci\u00f3n y gesti\u00f3n de los derechos de autor en la era de Internet<\/li>\n<li>Nuevos\u00a0perfiles de la profesi\u00f3n de guionista: de la producci\u00f3n ejecutiva al\u00a0audiovisual<\/li>\n<li>Tendencias actuales en la demanda de contenidos y su repercusi\u00f3n en la pr\u00e1ctica del guionista<\/li>\n<\/ol>\n<p>Como parte de la propuesta, en breve se abrir\u00e1 a los miembros de las asociaciones convocantes un Foro sobre la Profesi\u00f3n del Guionista bajo la forma de una consulta <em>online<\/em> que permita abrir el debate en torno a estos tres grandes bloques de contenido.<\/p>\n<div><strong>Inscripci\u00f3n, matr\u00edcula e informaci\u00f3n:<\/strong><\/div>\n<div style=\"text-align: left;\">A principios de septiembre se abrir\u00e1 el plazo de inscripciones. El precio de la matr\u00edcula es de 50 euros, quedando exentos los miembros de las asociaciones FAGA y ALMA. Al finalizar el encuentro se ntregar\u00e1 un certificado de asistencia a aquellos\u00a0 que lo soliciten.<\/div>\n<p>&nbsp;<\/p>\n<hr align=\"left\" size=\"1\" width=\"33%\" \/>\n<div>\n<p>&nbsp;<\/p>\n<\/div>\n","protected":false},"excerpt":{"rendered":"<p>Valencia acoger\u00e1 los pr\u00f3ximos d\u00edas 1, 2 y 3 de octubre el Primer Encuentro de Guionistas que se celebra en Espa\u00f1a. Convocado por el Foro de Asociaciones de Guionistas del Audiovisual (FAGA) y el Sindicato de Guionistas\u00a0ALMA, con el respaldo de Federation Scriptwriters Europe (FSE)y el patrocinio del Instituto Valenciano del Audiovisual y la Cinematograf\u00eda &#8230; <a title=\"Valencia acoge el I Encuentro de Guionistas que se celebra en Espa\u00f1a\" class=\"read-more\" href=\"https:\/\/www.edav.es\/es\/valencia-acoge-el-i-encuentro-de-guionistas-que-se-celebra-en-espana\/\" aria-label=\"Leer m\u00e1s sobre Valencia acoge el I Encuentro de Guionistas que se celebra en Espa\u00f1a\">Leer m\u00e1s<\/a><\/p>\n","protected":false},"author":318,"featured_media":0,"comment_status":"open","ping_status":"open","sticky":false,"template":"","format":"standard","meta":{"_acf_changed":false,"generate_page_header":"","footnotes":""},"categories":[5],"tags":[13],"class_list":["post-723","post","type-post","status-publish","format-standard","hentry","category-eventos","tag-novedades","infinite-scroll-item","masonry-post","generate-columns","tablet-grid-50","mobile-grid-100","grid-parent","grid-50"],"acf":[],"aioseo_notices":[],"_links":{"self":[{"href":"https:\/\/www.edav.es\/es\/wp-json\/wp\/v2\/posts\/723","targetHints":{"allow":["GET"]}}],"collection":[{"href":"https:\/\/www.edav.es\/es\/wp-json\/wp\/v2\/posts"}],"about":[{"href":"https:\/\/www.edav.es\/es\/wp-json\/wp\/v2\/types\/post"}],"author":[{"embeddable":true,"href":"https:\/\/www.edav.es\/es\/wp-json\/wp\/v2\/users\/318"}],"replies":[{"embeddable":true,"href":"https:\/\/www.edav.es\/es\/wp-json\/wp\/v2\/comments?post=723"}],"version-history":[{"count":5,"href":"https:\/\/www.edav.es\/es\/wp-json\/wp\/v2\/posts\/723\/revisions"}],"predecessor-version":[{"id":726,"href":"https:\/\/www.edav.es\/es\/wp-json\/wp\/v2\/posts\/723\/revisions\/726"}],"wp:attachment":[{"href":"https:\/\/www.edav.es\/es\/wp-json\/wp\/v2\/media?parent=723"}],"wp:term":[{"taxonomy":"category","embeddable":true,"href":"https:\/\/www.edav.es\/es\/wp-json\/wp\/v2\/categories?post=723"},{"taxonomy":"post_tag","embeddable":true,"href":"https:\/\/www.edav.es\/es\/wp-json\/wp\/v2\/tags?post=723"}],"curies":[{"name":"wp","href":"https:\/\/api.w.org\/{rel}","templated":true}]}}