{"id":7817,"date":"2019-05-29T08:56:47","date_gmt":"2019-05-29T07:56:47","guid":{"rendered":"https:\/\/www.edav.es\/?p=7817"},"modified":"2019-09-26T08:38:00","modified_gmt":"2019-09-26T07:38:00","slug":"abierta-la-convocatoria-para-la-5a-edicion-del-evento-one-to-one","status":"publish","type":"post","link":"https:\/\/www.edav.es\/es\/abierta-la-convocatoria-para-la-5a-edicion-del-evento-one-to-one\/","title":{"rendered":"PRORROGADA LA INSCRIPCI\u00d3N PARA LA 5\u00aa EDICI\u00d3N DEL EVENTO \u00abONE TO ONE\u00bb"},"content":{"rendered":"<p align=\"CENTER\"><img loading=\"lazy\" decoding=\"async\" class=\"size-medium wp-image-7818 aligncenter\" src=\"https:\/\/www.edav.es\/wp-content\/uploads\/VLCPF_logo_positivo-300x265.jpg\" alt=\"\" width=\"300\" height=\"265\" srcset=\"https:\/\/www.edav.es\/wp-content\/uploads\/VLCPF_logo_positivo-300x265.jpg 300w, https:\/\/www.edav.es\/wp-content\/uploads\/VLCPF_logo_positivo-768x678.jpg 768w, https:\/\/www.edav.es\/wp-content\/uploads\/VLCPF_logo_positivo-1024x904.jpg 1024w, https:\/\/www.edav.es\/wp-content\/uploads\/VLCPF_logo_positivo.jpg 2000w\" sizes=\"auto, (max-width: 300px) 100vw, 300px\" \/><\/p>\n<p align=\"CENTER\"><span style=\"font-family: Calibri, sans-serif;\"><span style=\"font-size: xx-large;\"><b>CONVOCATORIA<\/b><\/span><\/span><\/p>\n<p align=\"CENTER\"><span style=\"font-family: Calibri, sans-serif;\"><span style=\"font-size: x-large;\"><b>V EDICI\u00d3N evento<\/b><\/span><\/span><b> <\/b><span style=\"color: #ff6633;\"><span style=\"font-family: Calibri, sans-serif;\"><span style=\"font-size: x-large;\"><i><b>One to One<\/b><\/i><\/span><\/span><\/span><\/p>\n<p align=\"CENTER\"><span style=\"color: #ff6633;\"><span style=\"font-family: Calibri, sans-serif;\"><span style=\"font-size: x-large;\"><b>Valencia, 4 &#8211; 8 de noviembre de 2019<\/b><\/span><\/span><\/span><\/p>\n<p align=\"CENTER\"><span style=\"font-family: Calibri, sans-serif;\"><span style=\"font-size: large;\"><b>Convocatoria para la selecci\u00f3n de proyectos para la quinta edici\u00f3n del evento <\/b><\/span><\/span><span style=\"font-family: Calibri, sans-serif;\"><span style=\"font-size: large;\"><i><b>One to One<\/b><\/i><\/span><\/span><span style=\"font-family: Calibri, sans-serif;\"><span style=\"font-size: large;\"><b>, que se celebrar\u00e1 en Valencia el pr\u00f3ximo mes de noviembre de 2019 en el marco de la primera edici\u00f3n de <\/b><\/span><\/span><\/p>\n<p align=\"CENTER\"><span style=\"font-family: Calibri, sans-serif;\"><span style=\"font-size: large;\"><b>VALENCIA PITCH FORUM.<\/b><\/span><\/span><\/p>\n<h3 align=\"CENTER\"><span style=\"color: #ff6600;\"><strong>PRORROGADO EL PLAZO DE INSCRIPCI\u00d3N: <\/strong><\/span><\/h3>\n<h3 align=\"CENTER\"><span style=\"color: #ff6600;\"><strong>SOLICITUDES HASTA LAS 23&#8242;:59&#8243; DEL LUNES 23 DE SEPTIEMBRE<\/strong><\/span><\/h3>\n<p align=\"JUSTIFY\"><span style=\"font-family: Calibri, sans-serif;\"><b>EDAV<\/b><\/span><span style=\"font-family: Calibri, sans-serif;\">, Escriptors de l&#8217;Audiovisual Valenci\u00e0, y la <\/span><span style=\"font-family: Calibri, sans-serif;\"><b>Fundaci\u00f3n SGAE<\/b><\/span><span style=\"font-family: Calibri, sans-serif;\">, a trav\u00e9s del <\/span><span style=\"font-family: Calibri, sans-serif;\"><b>Consejo Territorial de la SGAE de la Comunidad Valenciana<\/b><\/span><span style=\"font-family: Calibri, sans-serif;\">, la<\/span><span style=\"font-family: Calibri, sans-serif;\"><b> Direcci\u00f3n Adjunta de Audiovisuales y Cinematograf\u00eda del Institut Valenci\u00e0 de Cultura <\/b><\/span><span style=\"font-family: Calibri, sans-serif;\">y <\/span><span style=\"font-family: Calibri, sans-serif;\"><b>La Rep\u00fablica del L\u00e1piz, <\/b><\/span><span style=\"font-family: Calibri, sans-serif;\">con la colaboraci\u00f3n de <\/span><span style=\"font-family: Calibri, sans-serif;\"><b>\u00c0 Punt M\u00e8dia<\/b><\/span><span style=\"font-family: Calibri, sans-serif;\"> y la plataforma <\/span><span style=\"font-family: Calibri, sans-serif;\"><b>Filmarket Hub<\/b><\/span><span style=\"font-family: Calibri, sans-serif;\"> y con la participaci\u00f3n de las asociaciones de productores <\/span><span style=\"font-family: Calibri, sans-serif;\"><b>AVAPI<\/b><\/span><span style=\"font-family: Calibri, sans-serif;\">, Asociaci\u00f3n Valenciana de Productores Independientes, <\/span><span style=\"font-family: Calibri, sans-serif;\"><b>AVANT<\/b><\/span><span style=\"font-family: Calibri, sans-serif;\">, Associaci\u00f3 Valenciana d&#8217;Empreses Productores i Productors Independents, <\/span><span style=\"font-family: Calibri, sans-serif;\"><b>PAV<\/b><\/span><span style=\"font-family: Calibri, sans-serif;\">, Productores Audiovisuales Valencianos, y <\/span><span style=\"font-family: Calibri, sans-serif;\"><b>AVEPA<\/b><\/span><span style=\"font-family: Calibri, sans-serif;\">, Asocaci\u00f3n Valenciana de Empresas Productoras de Animaci\u00f3n, en el marco de la I edici\u00f3n del <\/span><span style=\"font-family: Calibri, sans-serif;\"><b>VALENCIA PITCH FORUM<\/b><\/span><\/p>\n<p align=\"JUSTIFY\"><span style=\"font-family: Calibri, sans-serif;\"><span style=\"font-size: medium;\"><b>CONVOCAN<\/b><\/span><\/span><span style=\"font-family: Calibri, sans-serif;\"><span style=\"font-size: medium;\"> la quinta edici\u00f3n del evento<\/span><\/span> <span style=\"color: #ff6633;\"><span style=\"font-family: Calibri, sans-serif;\"><span style=\"font-size: medium;\"><i><b>One to One<\/b><\/i><\/span><\/span><\/span><\/p>\n<p align=\"JUSTIFY\"><span style=\"font-family: Calibri, sans-serif;\">El objetivo de esta convocatoria es crear un punto de encuentro anual de referencia entre los guionistas de la Comunidad Valenciana y el colectivo de productores, que facilite la visibilidad del trabajo de los autores, cree un v\u00ednculo entre ambos colectivos profesionales y facilite el posicionamiento del trabajo de los guionistas y la producci\u00f3n de proyectos de calidad donde se valore el gui\u00f3n como punto de inicio de toda obra audiovisual.<\/span><\/p>\n<p style=\"text-align: center;\" align=\"JUSTIFY\"><a href=\"https:\/\/www.edav.es\/wp-content\/uploads\/FICHA-INSCRIPCI\u00d3N-ONE-TO-ONE-2019.doc\">DESCARGA AQU\u00cd LA FICHA DE INSCRIPCI\u00d3N<\/a><\/p>\n<p align=\"JUSTIFY\"><span style=\"color: #ff6633;\"><span style=\"font-family: Calibri, sans-serif;\"><b>PROYECTOS SELECCIONADOS: Un m\u00e1ximo de 10 proyectos de ficci\u00f3n: 5 en la categor\u00eda de cine y 5 en la de televisi\u00f3n.<\/b><\/span><\/span><\/p>\n<p align=\"JUSTIFY\"><span style=\"color: #ff6633;\"><span style=\"font-family: Calibri, sans-serif;\"><b>CINE: Largometrajes de ficci\u00f3n.<\/b><\/span><\/span><\/p>\n<p align=\"JUSTIFY\"><span style=\"color: #ff6633;\"><span style=\"font-family: Calibri, sans-serif;\"><b>TELEVISI\u00d3N: TV movies, series, webseries y miniseries. <\/b><\/span><\/span><\/p>\n<p align=\"JUSTIFY\"><span style=\"color: #ff6633;\"><span style=\"font-family: Calibri, sans-serif;\"><b>Un solo proyecto por autor.<\/b><\/span><\/span><\/p>\n<p align=\"JUSTIFY\"><span style=\"color: #ff6633;\"><span style=\"font-family: Calibri, sans-serif;\"><span style=\"font-size: small;\"><b>PARTICIPANTES:<\/b><\/span><\/span><\/span><span style=\"font-family: Calibri, sans-serif;\"><span style=\"font-size: small;\"> guionistas exclusivamente valencianos, residentes o no en la Comunidad Valenciana, con un proyecto de FICCI\u00d3N (cine o televisi\u00f3n) en fase de escritura o desarrollo que busquen productor o co-productor. En el caso de los proyectos que ya tengan asociado a un productor, participar\u00e1n de la sesi\u00f3n el autor y el productor. <\/span><\/span><\/p>\n<p align=\"JUSTIFY\"><span style=\"font-family: Calibri, sans-serif;\"><span style=\"font-size: small;\">Se seleccionar\u00e1n un m\u00e1ximo de 10 proyectos de ficci\u00f3n. 5 en la categor\u00eda de cine y 5 en la categor\u00eda de televisi\u00f3n. La participaci\u00f3n de estos proyectos seleccionados para este evento ser\u00e1 gratuita. Los participantes seleccionados har\u00e1n un pitch y tendr\u00e1n una reuni\u00f3n Uno a Uno con los productores invitados al VLC Pitch Forum. Tambi\u00e9n podr\u00e1n asistir a la comida para autores, productores y organizadores que ofrecer\u00e1n los organizadores del evento. <\/span><\/span><\/p>\n<p align=\"JUSTIFY\"><span style=\"font-family: Calibri, sans-serif;\"><span style=\"font-size: small;\">Los organizadores har\u00e1n una publicaci\u00f3n impresa con los trabajos recibidos que se pondr\u00e1 a disposici\u00f3n de todos los productores asistentes. Del mismo modo, los autores tendr\u00e1n a su disposici\u00f3n una publicaci\u00f3n en la que figurar\u00e1n los perfiles de los productores participantes y las de sus empresas.<\/span><\/span><\/p>\n<p align=\"JUSTIFY\"><span style=\"font-family: Calibri, sans-serif;\"><span style=\"font-size: small;\"><b>La participaci\u00f3n en este evento no da acceso al resto de actividades del VLC Pitch Forum (talleres, masterclasses, secret writer&#8217;s room&#8230;) a las que s\u00f3lo podr\u00e1 asistirse previa inscripci\u00f3n y pago de las tasas correspondientes.<\/b><\/span><\/span><\/p>\n<p align=\"JUSTIFY\"><span style=\"color: #ff6633;\"><span style=\"font-family: Calibri, sans-serif;\"><span style=\"font-size: small;\"><b>REQUISITOS:<\/b><\/span><\/span><\/span> <span style=\"font-family: Calibri, sans-serif;\"><span style=\"font-size: small;\"><b>El autor<\/b><\/span><\/span><span style=\"font-family: Calibri, sans-serif;\"><span style=\"font-size: small;\"> del proyecto debe ser <\/span><\/span><span style=\"font-family: Calibri, sans-serif;\"><span style=\"font-size: small;\"><b>valenciano o residente<\/b><\/span><\/span><span style=\"font-family: Calibri, sans-serif;\"><span style=\"font-size: small;\"> en la Comunidad Valenciana. Para seleccionar los proyectos se formar\u00e1 una comisi\u00f3n compuesta por miembros de EDAV, del Consejo Territorial de la SGAE de la Comunidad Valenciana, organizadores del VLC Pitch Forum y de las asociaciones de productores, que decidir\u00e1 qu\u00e9 proyectos incluir en el evento. En caso de empate se dar\u00e1 prioridad a los proyectos que, reuniendo los requisitos de calidad suficientes, sean de socios de EDAV.<\/span><\/span><\/p>\n<p align=\"JUSTIFY\"><span style=\"color: #ff420e;\"><span style=\"font-family: Calibri, sans-serif;\"><span style=\"font-size: small;\"><b>Se valorar\u00e1 positivamente<\/b><\/span><\/span><\/span><span style=\"font-family: Calibri, sans-serif;\"><span style=\"font-size: small;\"> que el proyecto incluya una propuesta transmedia.<\/span><\/span><\/p>\n<p align=\"JUSTIFY\"><span style=\"color: #ff6633;\"><span style=\"font-family: Calibri, sans-serif;\"><span style=\"font-size: small;\"><b>ESTRUCTURA: <\/b><\/span><\/span><\/span><span style=\"font-family: Calibri, sans-serif;\"><span style=\"font-size: small;\">Una jornada con actividades de ma\u00f1ana y tarde. Por la ma\u00f1ana todos los proyectos har\u00e1n un Pitch de <\/span><\/span><span style=\"color: #ff0000;\"><span style=\"font-family: Calibri, sans-serif;\"><span style=\"font-size: small;\">5<\/span><\/span><\/span><span style=\"font-family: Calibri, sans-serif;\"><span style=\"font-size: small;\"> minutos para los productores participantes en la jornada. Por la tarde se mantendr\u00e1n las reuniones <\/span><\/span><span style=\"font-family: Calibri, sans-serif;\"><span style=\"font-size: small;\"><i>One to One<\/i><\/span><\/span><span style=\"font-family: Calibri, sans-serif;\"><span style=\"font-size: small;\">, con una agenda cerrada con anterioridad a la celebraci\u00f3n del evento. Esta jornada se celebrar\u00e1 durante la semana del 4 al 8 de noviembre. La fecha del pitch y las reuniones One to One se anunciar\u00e1 a los participantes seleccionados con suficiente antelaci\u00f3n.<\/span><\/span><\/p>\n<p align=\"JUSTIFY\"><span style=\"color: #ff6633;\"><span style=\"font-family: Calibri, sans-serif;\"><span style=\"font-size: small;\"><b>MEC\u00c1NICA:<\/b><\/span><\/span><\/span><span style=\"font-family: Calibri, sans-serif;\"><span style=\"font-size: small;\"> Los autores de proyectos seleccionados recibir\u00e1n el listado de productores participantes y sus perfiles. Los autores solicitar\u00e1n, con antelaci\u00f3n a la celebraci\u00f3n del evento, reuniones con los productores a quienes quieran exponer su proyecto. Cada participante deber\u00e1 reunirse con un m\u00ednimo de 3 y un m\u00e1ximo de 6 productores. Las reuniones tendr\u00e1n una duraci\u00f3n de 15 minutos. <\/span><\/span><\/p>\n<p align=\"JUSTIFY\"><span style=\"font-family: Calibri, sans-serif;\"><span style=\"font-size: small;\">A su vez, los productores que se hayan interesado por alg\u00fan proyecto escuchado en el pitch de la ma\u00f1ana y que no tengan programado en su agenda, podr\u00e1n solicitar a la organizaci\u00f3n que se incluya en sus agendas. <\/span><\/span><\/p>\n<p align=\"JUSTIFY\"><span style=\"color: #ff6633;\"><span style=\"font-family: Calibri, sans-serif;\"><span style=\"font-size: small;\"><b>EXCLUSIONES:<\/b><\/span><\/span><\/span><\/p>\n<p align=\"JUSTIFY\"><span style=\"font-family: Calibri, sans-serif;\"><span style=\"font-size: small;\">&#8211; No podr\u00e1n presentarse obras sobre las que no se tengan debidamente acreditados los derechos de explotaci\u00f3n y\/o las autorizaciones correspondientes. Igualmente, no se admitir\u00e1n adaptaciones de obras preexistentes si no se dispone de forma expresa de los derechos de adaptaci\u00f3n sobre la obra original. Los organizadores podr\u00e1n solicitar en cualquier momento a los participantes que acrediten este extremo. <\/span><\/span><\/p>\n<p align=\"JUSTIFY\"><span style=\"font-family: Calibri, sans-serif;\"><span style=\"font-size: small;\">&#8211; Los autores de los proyectos seleccionados aportar\u00e1n, a solicitud de EDAV, la documentaci\u00f3n que acredite la titularidad de los derechos de propiedad intelectual de la obra. Ser\u00e1 motivo de exclusi\u00f3n no poder acreditarlo. Todo lo que se presente deber\u00e1 estar debidamente registrado. Adem\u00e1s del RPI, tambi\u00e9n ser\u00e1 v\u00e1lido un registro privado.<\/span><\/span><\/p>\n<p align=\"JUSTIFY\"><span style=\"font-family: Calibri, sans-serif;\"><span style=\"font-size: small;\">&#8211; <\/span><\/span><span style=\"font-family: Calibri, sans-serif;\"><span style=\"font-size: small;\"><b>S\u00f3lo se admitir\u00e1 un proyecto por autor<\/b><\/span><\/span><span style=\"font-family: Calibri, sans-serif;\"><span style=\"font-size: small;\">. En el caso de proyectos presentados por dos o m\u00e1s autores, cada grupo de autores se considerar\u00e1 un autor diferente. Cuando un autor resulte seleccionado en m\u00e1s de un proyecto, deber\u00e1 optar por presentar s\u00f3lo uno de \u00e9stos.<\/span><\/span><\/p>\n<p><span style=\"color: #ff6633;\"><span style=\"font-family: Calibri, sans-serif;\"><b>RESPONSABILIDADES:<\/b><\/span><\/span><\/p>\n<p><span style=\"font-family: Calibri, sans-serif;\">Los autores de las obras presentadas ser\u00e1n los \u00fanicos responsables de cualquier reclamaci\u00f3n que se pueda presentar a causa del contenido de la obra y<\/span><span style=\"color: #000000;\"><span style=\"font-family: Calibri, sans-serif;\">\/o su autor\u00eda.<\/span><\/span><\/p>\n<p><span style=\"color: #ff6633;\"><span style=\"font-family: Calibri, sans-serif;\"><span style=\"font-size: large;\"><u><b>SOLICITUDES DE PARTICIPACI\u00d3N &#8211; \u00a1PRORROGADO!<\/b><\/u><\/span><\/span><\/span><\/p>\n<ul>\n<li><span style=\"font-family: Calibri, sans-serif;\"><span style=\"font-size: large;\">Deber\u00e1n enviarse por mail a <\/span><\/span><span style=\"color: #000080;\"><span lang=\"zxx\"><u><a class=\"western\" href=\"mailto:info@edav.es\"><span style=\"font-family: Calibri, sans-serif;\"><span style=\"font-size: large;\">info@edav.es<\/span><\/span><\/a><\/u><\/span><\/span> <span style=\"font-family: Calibri, sans-serif; color: #ff6600;\"><span style=\"font-size: large;\"><b>hasta las 23&#8242;:59&#8243; horas del lunes 23 de septiembre de 2019<\/b><\/span><\/span><span style=\"font-family: Calibri, sans-serif;\"><span style=\"font-size: large;\">.<\/span><\/span><\/li>\n<\/ul>\n<ul>\n<li><span style=\"font-family: Calibri, sans-serif;\"><span style=\"font-size: large;\">Junto a la FICHA DE INSCRIPCI\u00d3N, las solicitudes deber\u00e1n incluir <\/span><\/span><span style=\"font-family: Calibri, sans-serif;\"><span style=\"font-size: large;\"><b>obligatoriamente<\/b><\/span><\/span><span style=\"font-family: Calibri, sans-serif;\"><span style=\"font-size: large;\">:<\/span><\/span><\/li>\n<\/ul>\n<ul>\n<li style=\"list-style-type: none;\">\n<ul>\n<li style=\"list-style-type: none;\">\n<ul>\n<li><span style=\"font-family: Calibri, sans-serif;\"><span style=\"font-size: large;\">SINOPSIS ARGUMENTAL.<\/span><\/span><\/li>\n<li><span style=\"font-family: Calibri, sans-serif;\"><span style=\"font-size: large;\">TRATAMIENTO O GUI\u00d3N (*).<\/span><\/span><\/li>\n<li><span style=\"font-family: Calibri, sans-serif;\"><span style=\"font-size: large;\">MEMORIA DE INTENCIONES.<\/span><\/span><\/li>\n<li><span style=\"font-family: Calibri, sans-serif;\"><span style=\"font-size: large;\">CURRICULUM DEL AUTOR .<\/span><\/span><\/li>\n<li><span style=\"font-family: Calibri, sans-serif;\"><span style=\"font-size: large;\">HISTORIAL DE LA PRODUCTORA (si la hubiera).<\/span><\/span><\/li>\n<\/ul>\n<\/li>\n<\/ul>\n<\/li>\n<\/ul>\n<p align=\"JUSTIFY\"><span style=\"font-family: Calibri, sans-serif;\">(*) Se admitir\u00e1n tratamientos secuenciados o guiones dialogados. No se admitir\u00e1n ideas, sinopsis ni escaletas. En el caso de las series y miniseries, deber\u00e1 incluirse una breve ficha que incluya n\u00famero de cap\u00edtulos, duraci\u00f3n, target, frecuencia de emisi\u00f3n y cuantos datos ayuden a definir el proyecto.<\/span><\/p>\n<p style=\"text-align: center;\" align=\"JUSTIFY\"><a href=\"https:\/\/www.edav.es\/wp-content\/uploads\/FICHA-INSCRIPCI\u00d3N-ONE-TO-ONE-2019.doc\">DESCARGA AQU\u00cd LA FICHA DE INSCRIPCI\u00d3N<\/a><\/p>\n","protected":false},"excerpt":{"rendered":"<p>CONVOCATORIA V EDICI\u00d3N evento One to One Valencia, 4 &#8211; 8 de noviembre de 2019 Convocatoria para la selecci\u00f3n de proyectos para la quinta edici\u00f3n del evento One to One, que se celebrar\u00e1 en Valencia el pr\u00f3ximo mes de noviembre de 2019 en el marco de la primera edici\u00f3n de VALENCIA PITCH FORUM. PRORROGADO EL &#8230; <a title=\"PRORROGADA LA INSCRIPCI\u00d3N PARA LA 5\u00aa EDICI\u00d3N DEL EVENTO \u00abONE TO ONE\u00bb\" class=\"read-more\" href=\"https:\/\/www.edav.es\/es\/abierta-la-convocatoria-para-la-5a-edicion-del-evento-one-to-one\/\" aria-label=\"Leer m\u00e1s sobre PRORROGADA LA INSCRIPCI\u00d3N PARA LA 5\u00aa EDICI\u00d3N DEL EVENTO \u00abONE TO ONE\u00bb\">Leer m\u00e1s<\/a><\/p>\n","protected":false},"author":318,"featured_media":7818,"comment_status":"open","ping_status":"open","sticky":false,"template":"","format":"standard","meta":{"_acf_changed":false,"generate_page_header":"","footnotes":""},"categories":[1],"tags":[],"class_list":["post-7817","post","type-post","status-publish","format-standard","has-post-thumbnail","hentry","category-noticias","infinite-scroll-item","masonry-post","generate-columns","tablet-grid-50","mobile-grid-100","grid-parent","grid-50"],"acf":[],"aioseo_notices":[],"_links":{"self":[{"href":"https:\/\/www.edav.es\/es\/wp-json\/wp\/v2\/posts\/7817","targetHints":{"allow":["GET"]}}],"collection":[{"href":"https:\/\/www.edav.es\/es\/wp-json\/wp\/v2\/posts"}],"about":[{"href":"https:\/\/www.edav.es\/es\/wp-json\/wp\/v2\/types\/post"}],"author":[{"embeddable":true,"href":"https:\/\/www.edav.es\/es\/wp-json\/wp\/v2\/users\/318"}],"replies":[{"embeddable":true,"href":"https:\/\/www.edav.es\/es\/wp-json\/wp\/v2\/comments?post=7817"}],"version-history":[{"count":4,"href":"https:\/\/www.edav.es\/es\/wp-json\/wp\/v2\/posts\/7817\/revisions"}],"predecessor-version":[{"id":7846,"href":"https:\/\/www.edav.es\/es\/wp-json\/wp\/v2\/posts\/7817\/revisions\/7846"}],"wp:featuredmedia":[{"embeddable":true,"href":"https:\/\/www.edav.es\/es\/wp-json\/wp\/v2\/media\/7818"}],"wp:attachment":[{"href":"https:\/\/www.edav.es\/es\/wp-json\/wp\/v2\/media?parent=7817"}],"wp:term":[{"taxonomy":"category","embeddable":true,"href":"https:\/\/www.edav.es\/es\/wp-json\/wp\/v2\/categories?post=7817"},{"taxonomy":"post_tag","embeddable":true,"href":"https:\/\/www.edav.es\/es\/wp-json\/wp\/v2\/tags?post=7817"}],"curies":[{"name":"wp","href":"https:\/\/api.w.org\/{rel}","templated":true}]}}