{"id":8545,"date":"2020-11-23T11:48:49","date_gmt":"2020-11-23T10:48:49","guid":{"rendered":"https:\/\/www.edav.es\/?p=8545"},"modified":"2020-12-11T09:55:12","modified_gmt":"2020-12-11T08:55:12","slug":"coses-a-fer-abans-de-morir-inaugura-el-vi-ciclo-de-largos-valencianos","status":"publish","type":"post","link":"https:\/\/www.edav.es\/es\/coses-a-fer-abans-de-morir-inaugura-el-vi-ciclo-de-largos-valencianos\/","title":{"rendered":"COSES A FER ABANS DE MORIR INAUGURA EL VI CICLO DE LARGOS VALENCIANOS"},"content":{"rendered":"<p>VI Ciclo de Cine Valenciano Actual EDAV-Fundaci\u00f3n SGAE<\/p>\n<p>COSES A FER ABANS DE MORIR<\/p>\n<p>Jueves 3 de diciembre a las 18:00 horas<\/p>\n<p>Con la presencia de los autores<\/p>\n<p>Entrada gratuita previa <a href=\"https:\/\/docs.google.com\/forms\/d\/e\/1FAIpQLScxJI7GA2EpGtrYYm9djWh9FFIZjkpWNvjljVS1Nh03LWyNGw\/viewform\">inscripci\u00f3n AQU\u00cd<\/a><\/p>\n<p><img loading=\"lazy\" decoding=\"async\" class=\"alignright size-medium wp-image-8542\" src=\"https:\/\/www.edav.es\/wp-content\/uploads\/COSESAFERABANSDEMORIR05-300x158.jpg\" alt=\"\" width=\"300\" height=\"158\" srcset=\"https:\/\/www.edav.es\/wp-content\/uploads\/COSESAFERABANSDEMORIR05-300x158.jpg 300w, https:\/\/www.edav.es\/wp-content\/uploads\/COSESAFERABANSDEMORIR05-1024x539.jpg 1024w, https:\/\/www.edav.es\/wp-content\/uploads\/COSESAFERABANSDEMORIR05-768x405.jpg 768w, https:\/\/www.edav.es\/wp-content\/uploads\/COSESAFERABANSDEMORIR05.jpg 1080w\" sizes=\"auto, (max-width: 300px) 100vw, 300px\" \/>La comedia dram\u00e1tica \u00abCoses a fer abans de morir\u00bb, escrita por Cristina Fern\u00e1ndez Pintado y dirigida por Cristina Fern\u00e1ndez Pintado y Miguel Llorens, abrir\u00e1 la sexta edici\u00f3n del ciclo Cine Valenciano Actual que organizamos con la Fundaci\u00f3n SGAE. Ser\u00e0 el 3 de diciembre a las 18:00 horas en la Sala SGAE Centre Cultural de Val\u00e8ncia, en la calle Blanqueries, 6.<\/p>\n<p>El largometraje, que ha obtenido cuatro galardones en los III Premis de l&#8217;Audiovisual Valenci\u00e0, cuenta la historia de un grupo de amigos que rozan los cuarenta y se ven golpeados por la muerre de uno de ellos. Despu\u00e9s del funeral tendr\u00e1n que cumplir su \u00faltima voluntad: un peculiar juego en el que cada uno de ellos tendr\u00e1 que escribir en un papel alguna cosa que les gustar\u00eda hacer antes de morir. Cada idea escrita ser\u00e1 el punto de partida de un intenso fin de semana en el cual vivir\u00e1n situaciones divertidas, inesperadas, y, a veces, l\u00edmite.<\/p>\n<p>\u00abCoses a fer abans de morir\u00bb est\u00e1 interpretada por Sergio Caballero (Sam), Oriol Tarras\u00f3n (Robert), \u00c0ngel F\u00edgols (Marcos), Manuel Maestro (Sa\u00fal), Vanessa Cano (Nadia), Cristina Fern\u00e1ndez Pintado (Isabel) y Mireia P\u00e9rez (Sabrina).<\/p>\n<p>PALMARES:<\/p>\n<p>III Premis de l&#8217;Audiovisual Valenci\u00e0 2020:<\/p>\n<p>Mejor actor protagonista: Sergio Caballero.<\/p>\n<p>Mejor actriz de reparto: Cristina Fern\u00e1ndez Pintado.<\/p>\n<p>Mejor actor de reparto: \u00c0ngel F\u00edgols.<\/p>\n<p>Mejor m\u00fasica original: Josep Zapater y Noelia P\u00e9rez.<\/p>\n<p>&nbsp;<\/p>\n<p>Selecci\u00f3n Oficial FIC-CACT 2020, Festival de Cinema en Catal\u00e0 de Roda de Ber\u00e0.<\/p>\n<p>Seleccionada MAFIZ \u2013 Malaga Festival Industry Zone \u2013 Territorio Espa\u00f1a<\/p>\n<p>Selecionada Mostra de Val\u00e8ncia \u2013 Cinema del Mediterrani 2020<\/p>\n<p>&nbsp;<\/p>\n<p>&nbsp;<\/p>\n<p>&nbsp;<\/p>\n","protected":false},"excerpt":{"rendered":"<p>VI Ciclo de Cine Valenciano Actual EDAV-Fundaci\u00f3n SGAE COSES A FER ABANS DE MORIR Jueves 3 de diciembre a las 18:00 horas Con la presencia de los autores Entrada gratuita previa inscripci\u00f3n AQU\u00cd La comedia dram\u00e1tica \u00abCoses a fer abans de morir\u00bb, escrita por Cristina Fern\u00e1ndez Pintado y dirigida por Cristina Fern\u00e1ndez Pintado y Miguel &#8230; <a title=\"COSES A FER ABANS DE MORIR INAUGURA EL VI CICLO DE LARGOS VALENCIANOS\" class=\"read-more\" href=\"https:\/\/www.edav.es\/es\/coses-a-fer-abans-de-morir-inaugura-el-vi-ciclo-de-largos-valencianos\/\" aria-label=\"Leer m\u00e1s sobre COSES A FER ABANS DE MORIR INAUGURA EL VI CICLO DE LARGOS VALENCIANOS\">Leer m\u00e1s<\/a><\/p>\n","protected":false},"author":318,"featured_media":8543,"comment_status":"open","ping_status":"open","sticky":false,"template":"","format":"standard","meta":{"_acf_changed":false,"generate_page_header":"","footnotes":""},"categories":[1],"tags":[],"class_list":["post-8545","post","type-post","status-publish","format-standard","has-post-thumbnail","hentry","category-noticias","infinite-scroll-item","masonry-post","generate-columns","tablet-grid-50","mobile-grid-100","grid-parent","grid-50"],"acf":[],"aioseo_notices":[],"_links":{"self":[{"href":"https:\/\/www.edav.es\/es\/wp-json\/wp\/v2\/posts\/8545","targetHints":{"allow":["GET"]}}],"collection":[{"href":"https:\/\/www.edav.es\/es\/wp-json\/wp\/v2\/posts"}],"about":[{"href":"https:\/\/www.edav.es\/es\/wp-json\/wp\/v2\/types\/post"}],"author":[{"embeddable":true,"href":"https:\/\/www.edav.es\/es\/wp-json\/wp\/v2\/users\/318"}],"replies":[{"embeddable":true,"href":"https:\/\/www.edav.es\/es\/wp-json\/wp\/v2\/comments?post=8545"}],"version-history":[{"count":1,"href":"https:\/\/www.edav.es\/es\/wp-json\/wp\/v2\/posts\/8545\/revisions"}],"predecessor-version":[{"id":8546,"href":"https:\/\/www.edav.es\/es\/wp-json\/wp\/v2\/posts\/8545\/revisions\/8546"}],"wp:featuredmedia":[{"embeddable":true,"href":"https:\/\/www.edav.es\/es\/wp-json\/wp\/v2\/media\/8543"}],"wp:attachment":[{"href":"https:\/\/www.edav.es\/es\/wp-json\/wp\/v2\/media?parent=8545"}],"wp:term":[{"taxonomy":"category","embeddable":true,"href":"https:\/\/www.edav.es\/es\/wp-json\/wp\/v2\/categories?post=8545"},{"taxonomy":"post_tag","embeddable":true,"href":"https:\/\/www.edav.es\/es\/wp-json\/wp\/v2\/tags?post=8545"}],"curies":[{"name":"wp","href":"https:\/\/api.w.org\/{rel}","templated":true}]}}