{"id":8809,"date":"2021-04-15T09:51:25","date_gmt":"2021-04-15T08:51:25","guid":{"rendered":"https:\/\/www.edav.es\/?p=8809"},"modified":"2021-05-04T11:45:11","modified_gmt":"2021-05-04T10:45:11","slug":"hablamos-con-jorge-sanchez-cabezudo-sobre-la-adaptacion-de-crematorio","status":"publish","type":"post","link":"https:\/\/www.edav.es\/es\/hablamos-con-jorge-sanchez-cabezudo-sobre-la-adaptacion-de-crematorio\/","title":{"rendered":"HABLAMOS CON JORGE S\u00c1NCHEZ CABEZUDO SOBRE LA ADAPTACI\u00d3N DE &#8216;CREMATORIO&#8217;"},"content":{"rendered":"<p><img loading=\"lazy\" decoding=\"async\" class=\"alignright size-medium wp-image-8805\" src=\"https:\/\/www.edav.es\/wp-content\/uploads\/CREMATORIO-300x150.jpeg\" alt=\"\" width=\"300\" height=\"150\" srcset=\"https:\/\/www.edav.es\/wp-content\/uploads\/CREMATORIO-300x150.jpeg 300w, https:\/\/www.edav.es\/wp-content\/uploads\/CREMATORIO-1024x512.jpeg 1024w, https:\/\/www.edav.es\/wp-content\/uploads\/CREMATORIO-768x384.jpeg 768w, https:\/\/www.edav.es\/wp-content\/uploads\/CREMATORIO.jpeg 1200w\" sizes=\"auto, (max-width: 300px) 100vw, 300px\" \/>El pr\u00f3ximo mi\u00e9rcoles 21 de abril charlaremos con Jorge S\u00e1nchez Cabezudo sobre el proceso de adaptaci\u00f3n de &#8216;Crematorio&#8217; la novela de Rafael Chirbes. &#8216;Crematorio&#8217;, la adaptaci\u00f3n, se convirti\u00f3 en una serie espa\u00f1ola de calidad muy conseguida y con \u00e9xito de p\u00fablico. La novela de Chirbes, que es la base de la serie, fue tambi\u00e9n una novela de \u00e9xito pero quiz\u00e1 la serie ayud\u00f3 al hecho de que se conociera todav\u00eda m\u00e1s.<\/p>\n<p>Mucho se ha hablado de &#8216;Crematorio&#8217; pero no tanto del proceso de adaptaci\u00f3n de la novela. Por eso, los guionistas de EDAV, con la colaboraci\u00f3n del festival Lab de Series, hemos invitado a Jorge S\u00e1nchez Cabezudo, que estar\u00e1 en Val\u00e8ncia participando en la mesa redonda que organiza el festival con motivo de los diez a\u00f1os del estreno de la serie.<\/p>\n<p>&#8216;Crematorio&#8217; ha sido valorada como una de las mejores series de la historia de la televisi\u00f3n espa\u00f1ola y en gran parte esto es debido a su guion,\u00a0 sin ning\u00fan tipo de dudas excelente.\u00a0 El guionista Paco L\u00f3pez Barrio ser\u00e1 el encargado de conducir esta charla con Jorge S\u00e1nchez Cabezudo sobre el proceso de adaptaci\u00f3n de la novela, las decisiones que se tomaron, como se decidi\u00f3 la estructura serial&#8230;<\/p>\n<p>La actividad, organizada por EDAV en colaboraci\u00f3n con el festival Lab de Series y con el apoyo de la Fundaci\u00f3n SGAE, mediante su Consejo Territorial de la Comunidad Valenciana, se desarrollar\u00e1 de manera presencial en la Sala SGAE Centro Cultural de Val\u00e8ncia.<\/p>\n<div><b><br \/>\nJORGE S\u00c1NCHEZ CABEZUDO<\/b><\/div>\n<div><\/div>\n<div><img loading=\"lazy\" decoding=\"async\" class=\"CToWUd a6T alignright\" tabindex=\"0\" src=\"https:\/\/mail.google.com\/mail\/u\/0?ui=2&amp;ik=dc5df203b2&amp;attid=0.2&amp;permmsgid=msg-a:r5341862853408358693&amp;th=178d03e3476d1484&amp;view=fimg&amp;sz=s0-l75-ft&amp;attbid=ANGjdJ-4Xdctrh1JjL3WHkmnW3-xaZz5xWjzYKDhS3ZYO95WzK0KjTVrRk2U-_k5aSMCVkny1KIL3gqUvCiNjio_CklHJVUssakaL2pfx7FHNeyTGoxMM2SC3p5jLM0&amp;disp=emb&amp;realattid=ii_knhe09bw1\" alt=\"Jorge Sanchez Cabezudo.jpg\" width=\"204\" height=\"204\" data-image-whitelisted=\"\" \/><\/div>\n<div>Guionista y director de cine y televisi\u00f3n. Creador de las series &#8216;Crematorio&#8217; (2011) y &#8216;La zona&#8217; (2017), junto con su hermano Alberto S\u00e1nchez Cabezudo. Empez\u00f3 en televisi\u00f3n escribiendo guiones para &#8216;Al salir de clase&#8217; y ha desarrollado su carrera como guionista y director en series como &#8216;Desaparecida&#8217; (2008), Gran Hotel (2011), &#8216;Hispania, la leyenda&#8217; (2010), &#8216;V\u00edctor Ros&#8217; (2014), &#8216;Velvet&#8217; (2015) y &#8216;Bajo sospecha&#8217; (2016). En 2006 escribe y dirige su primer largometraje, &#8216;La noche de los girasoles&#8217; con el cual estuvo nominado al Goya al mejor director novel y guion original y obtuvo el premio San Jorge, entre otros.<\/div>\n<div>\n<p>&nbsp;<\/p>\n<p><b>PACO L\u00d3PEZ BARRIO<\/b><\/p>\n<\/div>\n<div>\n<p><img loading=\"lazy\" decoding=\"async\" class=\"CToWUd alignright\" src=\"https:\/\/mail.google.com\/mail\/u\/0?ui=2&amp;ik=dc5df203b2&amp;attid=0.3&amp;permmsgid=msg-a:r5341862853408358693&amp;th=178d03e3476d1484&amp;view=fimg&amp;sz=s0-l75-ft&amp;attbid=ANGjdJ-5_UQEsWl3tQWp1LJKbHsz7Ld4ORyuZPRHNCwgu5MfESM19jwRpbKO4iNe4RYZHVuNLPtH2ikT0q-i9MGMCwzodanZod4Xi3Fc2AZY1OCVWxSrjSPakeI2zc0&amp;disp=emb&amp;realattid=ii_knhe9fm22\" alt=\"lopez-paco-150x150.jpg\" width=\"184\" height=\"184\" data-image-whitelisted=\"\" \/><\/p>\n<\/div>\n<div>\n<div class=\"gs\">\n<div class=\"\">\n<div id=\":1ov\" class=\"ii gt\">\n<div id=\":1fa\" class=\"a3s aiL \">\n<div dir=\"ltr\">\n<div>Guionista de &#8216;El Ministerio del Tiempo&#8217;, &#8216;V\u00edctor Ros&#8217; y &#8216;L&#8217;Alqueria blanca&#8217;, entre otras. Imparte con \u00e9xito desde hace a\u00f1os, un curso sobre cimientos, estructuras y recursos para la escritura de guiones.<\/div>\n<div><\/div>\n<\/div>\n<\/div>\n<\/div>\n<\/div>\n<\/div>\n<\/div>\n<div><\/div>\n<div>\n<div class=\"gs\">\n<div class=\"\">\n<div id=\":1ov\" class=\"ii gt\">\n<div id=\":1fa\" class=\"a3s aiL \">\n<div dir=\"ltr\">\n<div><\/div>\n<div><\/div>\n<div><\/div>\n<div><\/div>\n<div><\/div>\n<div><\/div>\n<div><\/div>\n<\/div>\n<\/div>\n<\/div>\n<\/div>\n<\/div>\n<\/div>\n<p>&nbsp;<\/p>\n<p>Mi\u00e9rcoles 21 de abril de 2021<br \/>\nSala SGAE Centre Cultural de Val\u00e8ncia (Carrer Blanqueries, 6)<br \/>\n12:00 &#8211; 14:00 horas<br \/>\nApertura de puertas 11:30<br \/>\nSe ruega m\u00e1xima puntualidad<\/p>\n<p>El acceso a la charla es libre, previa inscripci\u00f3n <a href=\"https:\/\/forms.gle\/E9L9xWwoDFeQwDax6\">rellenando este formulario<\/a> y hasta completar el aforo de la sala.<\/p>\n<p>La inscripci\u00f3n estar\u00e1 abierta hasta el martes 20 de abril a las 20:00 horas.<\/p>\n<p>(Al completar el formulario, se recibe una respuesta autom\u00e1tica confirmando la correcta recepci\u00f3n. En caso de que el aforo se complete, no ser\u00e1 posible rellenar los datos de inscripci\u00f3n).<\/p>\n<p>Esta actividad est\u00e1 organizada por EDAV en colaboraci\u00f3n con el festival Lab de Series y con el apoyo de la Fundaci\u00f3n SGAE, mediante su Consejo Territorial de la Comunidad Valenciana.<\/p>\n","protected":false},"excerpt":{"rendered":"<p>El pr\u00f3ximo mi\u00e9rcoles 21 de abril charlaremos con Jorge S\u00e1nchez Cabezudo sobre el proceso de adaptaci\u00f3n de &#8216;Crematorio&#8217; la novela de Rafael Chirbes. &#8216;Crematorio&#8217;, la adaptaci\u00f3n, se convirti\u00f3 en una serie espa\u00f1ola de calidad muy conseguida y con \u00e9xito de p\u00fablico. La novela de Chirbes, que es la base de la serie, fue tambi\u00e9n una &#8230; <a title=\"HABLAMOS CON JORGE S\u00c1NCHEZ CABEZUDO SOBRE LA ADAPTACI\u00d3N DE &#8216;CREMATORIO&#8217;\" class=\"read-more\" href=\"https:\/\/www.edav.es\/es\/hablamos-con-jorge-sanchez-cabezudo-sobre-la-adaptacion-de-crematorio\/\" aria-label=\"Leer m\u00e1s sobre HABLAMOS CON JORGE S\u00c1NCHEZ CABEZUDO SOBRE LA ADAPTACI\u00d3N DE &#8216;CREMATORIO&#8217;\">Leer m\u00e1s<\/a><\/p>\n","protected":false},"author":318,"featured_media":8805,"comment_status":"open","ping_status":"open","sticky":false,"template":"","format":"standard","meta":{"_acf_changed":false,"generate_page_header":"","footnotes":""},"categories":[1],"tags":[],"class_list":["post-8809","post","type-post","status-publish","format-standard","has-post-thumbnail","hentry","category-noticias","infinite-scroll-item","masonry-post","generate-columns","tablet-grid-50","mobile-grid-100","grid-parent","grid-50"],"acf":[],"aioseo_notices":[],"_links":{"self":[{"href":"https:\/\/www.edav.es\/es\/wp-json\/wp\/v2\/posts\/8809","targetHints":{"allow":["GET"]}}],"collection":[{"href":"https:\/\/www.edav.es\/es\/wp-json\/wp\/v2\/posts"}],"about":[{"href":"https:\/\/www.edav.es\/es\/wp-json\/wp\/v2\/types\/post"}],"author":[{"embeddable":true,"href":"https:\/\/www.edav.es\/es\/wp-json\/wp\/v2\/users\/318"}],"replies":[{"embeddable":true,"href":"https:\/\/www.edav.es\/es\/wp-json\/wp\/v2\/comments?post=8809"}],"version-history":[{"count":2,"href":"https:\/\/www.edav.es\/es\/wp-json\/wp\/v2\/posts\/8809\/revisions"}],"predecessor-version":[{"id":8811,"href":"https:\/\/www.edav.es\/es\/wp-json\/wp\/v2\/posts\/8809\/revisions\/8811"}],"wp:featuredmedia":[{"embeddable":true,"href":"https:\/\/www.edav.es\/es\/wp-json\/wp\/v2\/media\/8805"}],"wp:attachment":[{"href":"https:\/\/www.edav.es\/es\/wp-json\/wp\/v2\/media?parent=8809"}],"wp:term":[{"taxonomy":"category","embeddable":true,"href":"https:\/\/www.edav.es\/es\/wp-json\/wp\/v2\/categories?post=8809"},{"taxonomy":"post_tag","embeddable":true,"href":"https:\/\/www.edav.es\/es\/wp-json\/wp\/v2\/tags?post=8809"}],"curies":[{"name":"wp","href":"https:\/\/api.w.org\/{rel}","templated":true}]}}