{"id":9291,"date":"2021-11-15T12:53:05","date_gmt":"2021-11-15T11:53:05","guid":{"rendered":"https:\/\/www.edav.es\/?p=9291"},"modified":"2021-11-15T13:10:52","modified_gmt":"2021-11-15T12:10:52","slug":"las-consecuencias-inaugura-la-vii-edicion-del-ciclo-de-cine-valenciano-actual","status":"publish","type":"post","link":"https:\/\/www.edav.es\/es\/las-consecuencias-inaugura-la-vii-edicion-del-ciclo-de-cine-valenciano-actual\/","title":{"rendered":"\u2018LAS CONSECUENCIAS\u2019 INAUGURA LA VII EDICI\u00d3N DEL CICLO DE CINE VALENCIANO ACTUAL"},"content":{"rendered":"<p style=\"text-align: left;\" align=\"CENTER\"><span style=\"color: #333333;\"><span style=\"font-family: Arial, sans-serif;\"><span style=\"font-size: small;\">La\u00a0<\/span><\/span><\/span><a href=\"https:\/\/master4.teenvio.com\/v4\/public\/estadisticas\/link\/sgae\/8538\/7\/95451\/c1f3dae0bb6c7ea8ece1b0311fed5a76\/\" target=\"_blank\" rel=\"noopener\"><span style=\"font-family: Arial, sans-serif;\"><span style=\"font-size: small;\"><b>Fundaci\u00f3n SGAE<\/b><\/span><\/span><\/a><span style=\"color: #333333;\"><span style=\"font-family: Arial, sans-serif;\"><span style=\"font-size: small;\">\u00a0<\/span><\/span><\/span><span style=\"color: #333333;\"><span style=\"font-family: Arial, sans-serif;\"><span style=\"font-size: small;\">y la asociaci\u00f3n de guionistas\u00a0<\/span><\/span><\/span><a href=\"https:\/\/master4.teenvio.com\/v4\/public\/estadisticas\/link\/sgae\/8538\/8\/95451\/c1f3dae0bb6c7ea8ece1b0311fed5a76\/\" target=\"_blank\" rel=\"noopener\"><span style=\"font-family: Arial, sans-serif;\"><span style=\"font-size: small;\"><b>Escriptors de l\u2019Audiovisual Valenci\u00e0<\/b><\/span><\/span><\/a><span style=\"color: #333333;\"><span style=\"font-family: Arial, sans-serif;\"><span style=\"font-size: small;\">\u00a0<\/span><\/span><\/span><span style=\"color: #333333;\"><span style=\"font-family: Arial, sans-serif;\"><span style=\"font-size: small;\">(EDAV) celebrar\u00e1n entre el 18 de noviembre y el 9 de diciembre la s\u00e9ptima edici\u00f3n de su\u00a0<\/span><\/span><\/span><span style=\"color: #333333;\"><span style=\"font-family: Arial, sans-serif;\"><span style=\"font-size: small;\">Ciclo de cine valenciano actual<\/span><\/span><\/span><span style=\"color: #333333;\"><span style=\"font-family: Arial, sans-serif;\"><span style=\"font-size: small;\">. Ser\u00e1 en la\u00a0<\/span><\/span><\/span><span style=\"color: #333333;\"><span style=\"font-family: Arial, sans-serif;\"><span style=\"font-size: small;\">Sala SGAE Centre Cultural\u00a0<\/span><\/span><\/span><span style=\"color: #333333;\"><span style=\"font-family: Arial, sans-serif;\"><span style=\"font-size: small;\">de Valencia (Blanquer\u00edas, 6), a las\u00a0<\/span><\/span><\/span><span style=\"color: #333333;\"><span style=\"font-family: Arial, sans-serif;\"><span style=\"font-size: small;\">18 horas<\/span><\/span><\/span><span style=\"color: #333333;\"><span style=\"font-family: Arial, sans-serif;\"><span style=\"font-size: small;\">, y la entrada es gratuita previa inscripci\u00f3n. El programa incluye un total de cuatro largometrajes producidos en 2021 y firmados por autoras y autores de la Comunidad Valenciana.\u00a0 Adem\u00e1s, los creadores de las pel\u00edculas ser\u00e1n los encargados de presentarlas al p\u00fablico.<\/span><\/span><\/span><\/p>\n<p style=\"text-align: left;\" align=\"CENTER\"><span style=\"color: #333333;\"><span style=\"font-family: Arial, sans-serif;\"><span style=\"font-size: small;\">La muestra se abrir\u00e1 el jueves 18 de noviembre con la proyecci\u00f3n de\u00a0<i>Las consecuencias<\/i>. Se trata de un\u00a0<i>thriller<\/i>\u00a0emocional de la directora y guionista\u00a0<b>Claudia Pinto\u00a0<\/b>que est\u00e1 recibiendo una excelente acogida por parte del p\u00fablico y la cr\u00edtica en los festivales especializados. As\u00ed, en el 24\u00ba Festival de M\u00e1laga se alz\u00f3 con las Biznagas de Plata a la Mejor Interpretaci\u00f3n Femenina de Reparto (por el trabajo de la actriz\u00a0<b>Mar\u00eda Romanillos<\/b>) y el Premio Especial del Jurado de la Cr\u00edtica. Adem\u00e1s, el 36\u00ba Festival Internacional de Cine en Guadalajara (M\u00e9xico), en el apartado de Largometrajes Iberoamericanos de Ficci\u00f3n, le otorg\u00f3 el Premio Mayahuel a la Mejor Actriz (Mar\u00eda Romanillos). El largometraje narra, en palabras de la realizadora, \u201cla historia de una familia en erupci\u00f3n\u201d, y est\u00e1 protagonizado por\u00a0<b>Juana Acosta<\/b>,\u00a0<b>Alfredo Castro<\/b>,\u00a0<b>Carme Elias<\/b>\u00a0y la mencionada debutante Mar\u00eda Romanillos.<\/span><\/span><\/span><\/p>\n<p align=\"CENTER\"><img loading=\"lazy\" decoding=\"async\" class=\" wp-image-9288 alignleft\" src=\"https:\/\/www.edav.es\/wp-content\/uploads\/Las-Consecuencias-210x300.jpg\" alt=\"\" width=\"227\" height=\"324\" srcset=\"https:\/\/www.edav.es\/wp-content\/uploads\/Las-Consecuencias-210x300.jpg 210w, https:\/\/www.edav.es\/wp-content\/uploads\/Las-Consecuencias.jpg 440w\" sizes=\"auto, (max-width: 227px) 100vw, 227px\" \/><\/p>\n<p class=\"texto\" style=\"text-align: left;\"><strong>LAS CONSECUENCIAS\u00a0(2021 \/ Suspense \/ 96\u2019)<\/strong><\/p>\n<p class=\"texto\" style=\"text-align: left;\"><strong>18 de noviembre\u00a0\/ 18 horas:<\/strong><\/p>\n<p style=\"text-align: left;\"><b>Con la presencia de los autores.<\/b><\/p>\n<p style=\"text-align: left;\"><strong>Entrada gratuita previa <a href=\"https:\/\/docs.google.com\/forms\/d\/e\/1FAIpQLScnEDDfEvtWPH6jUF1GM4KGxO02eQqfp9ynKWxCXK2maSQsww\/viewform\">inscripci\u00f3n AQU\u00cd<\/a><\/strong><\/p>\n<p class=\"texto\" style=\"text-align: left;\">Guion: Claudia Pinto Emperador y Eduardo S\u00e1nchez Rugeles.<\/p>\n<p class=\"texto\" style=\"text-align: left;\">Direcci\u00f3n: Claudia Pinto.<\/p>\n<p class=\"texto\" style=\"text-align: left;\">Reparto: Juana Acosta, Alfredo Castro, Mar\u00eda Romanillos y Carme Elias.<\/p>\n<p>&nbsp;<\/p>\n<p>&nbsp;<\/p>\n<p class=\"texto\" style=\"text-align: left;\">Sinopsis: en un viaje a una peque\u00f1a isla volc\u00e1nica, Fabiola se convierte en esp\u00eda de su hogar. No tiene evidencias ni certezas, pero su intuici\u00f3n le dice que no todo es lo que parece. Se debate entre el miedo a lo que puede encontrar y la necesidad de obtener respuestas. \u00bfHasta d\u00f3nde hurgar en la intimidad de los dem\u00e1s? \u00bfHasta d\u00f3nde mentir para proteger a la gente que quieres?<\/p>\n","protected":false},"excerpt":{"rendered":"<p>La\u00a0Fundaci\u00f3n SGAE\u00a0y la asociaci\u00f3n de guionistas\u00a0Escriptors de l\u2019Audiovisual Valenci\u00e0\u00a0(EDAV) celebrar\u00e1n entre el 18 de noviembre y el 9 de diciembre la s\u00e9ptima edici\u00f3n de su\u00a0Ciclo de cine valenciano actual. Ser\u00e1 en la\u00a0Sala SGAE Centre Cultural\u00a0de Valencia (Blanquer\u00edas, 6), a las\u00a018 horas, y la entrada es gratuita previa inscripci\u00f3n. El programa incluye un total de cuatro &#8230; <a title=\"\u2018LAS CONSECUENCIAS\u2019 INAUGURA LA VII EDICI\u00d3N DEL CICLO DE CINE VALENCIANO ACTUAL\" class=\"read-more\" href=\"https:\/\/www.edav.es\/es\/las-consecuencias-inaugura-la-vii-edicion-del-ciclo-de-cine-valenciano-actual\/\" aria-label=\"Leer m\u00e1s sobre \u2018LAS CONSECUENCIAS\u2019 INAUGURA LA VII EDICI\u00d3N DEL CICLO DE CINE VALENCIANO ACTUAL\">Leer m\u00e1s<\/a><\/p>\n","protected":false},"author":318,"featured_media":9289,"comment_status":"open","ping_status":"open","sticky":false,"template":"","format":"standard","meta":{"_acf_changed":false,"generate_page_header":"","footnotes":""},"categories":[1],"tags":[],"class_list":["post-9291","post","type-post","status-publish","format-standard","has-post-thumbnail","hentry","category-noticias","infinite-scroll-item","masonry-post","generate-columns","tablet-grid-50","mobile-grid-100","grid-parent","grid-50"],"acf":[],"aioseo_notices":[],"_links":{"self":[{"href":"https:\/\/www.edav.es\/es\/wp-json\/wp\/v2\/posts\/9291","targetHints":{"allow":["GET"]}}],"collection":[{"href":"https:\/\/www.edav.es\/es\/wp-json\/wp\/v2\/posts"}],"about":[{"href":"https:\/\/www.edav.es\/es\/wp-json\/wp\/v2\/types\/post"}],"author":[{"embeddable":true,"href":"https:\/\/www.edav.es\/es\/wp-json\/wp\/v2\/users\/318"}],"replies":[{"embeddable":true,"href":"https:\/\/www.edav.es\/es\/wp-json\/wp\/v2\/comments?post=9291"}],"version-history":[{"count":2,"href":"https:\/\/www.edav.es\/es\/wp-json\/wp\/v2\/posts\/9291\/revisions"}],"predecessor-version":[{"id":9294,"href":"https:\/\/www.edav.es\/es\/wp-json\/wp\/v2\/posts\/9291\/revisions\/9294"}],"wp:featuredmedia":[{"embeddable":true,"href":"https:\/\/www.edav.es\/es\/wp-json\/wp\/v2\/media\/9289"}],"wp:attachment":[{"href":"https:\/\/www.edav.es\/es\/wp-json\/wp\/v2\/media?parent=9291"}],"wp:term":[{"taxonomy":"category","embeddable":true,"href":"https:\/\/www.edav.es\/es\/wp-json\/wp\/v2\/categories?post=9291"},{"taxonomy":"post_tag","embeddable":true,"href":"https:\/\/www.edav.es\/es\/wp-json\/wp\/v2\/tags?post=9291"}],"curies":[{"name":"wp","href":"https:\/\/api.w.org\/{rel}","templated":true}]}}