{"id":9555,"date":"2022-04-08T10:31:41","date_gmt":"2022-04-08T08:31:41","guid":{"rendered":"https:\/\/www.edav.es\/?p=9555"},"modified":"2022-04-08T10:41:48","modified_gmt":"2022-04-08T08:41:48","slug":"autors-en-curt-x-edicion-convocatoria-para-la-seleccion-de-cortometrajes","status":"publish","type":"post","link":"https:\/\/www.edav.es\/es\/autors-en-curt-x-edicion-convocatoria-para-la-seleccion-de-cortometrajes\/","title":{"rendered":"AUTORS EN CURT &#8211; X EDICI\u00d3N CONVOCATORIA PARA LA SELECCI\u00d3N DE CORTOMETRAJES"},"content":{"rendered":"<div class=\"entry-content\">\n<p align=\"JUSTIFY\"><img loading=\"lazy\" decoding=\"async\" class=\"alignright size-medium wp-image-9550\" src=\"https:\/\/www.edav.es\/wp-content\/uploads\/Autors-e1649406388190-300x70.jpg\" sizes=\"auto, (max-width: 300px) 100vw, 300px\" srcset=\"https:\/\/www.edav.es\/wp-content\/uploads\/Autors-e1649406388190-300x70.jpg 300w, https:\/\/www.edav.es\/wp-content\/uploads\/Autors-e1649406388190-1024x240.jpg 1024w, https:\/\/www.edav.es\/wp-content\/uploads\/Autors-e1649406388190-768x180.jpg 768w, https:\/\/www.edav.es\/wp-content\/uploads\/Autors-e1649406388190.jpg 1283w\" alt=\"\" width=\"300\" height=\"70\" \/><\/p>\n<p align=\"JUSTIFY\">La asociaci\u00f3n de guionistas de la Comunidad Valenciana, Escritores del Audiovisual Valenciano (EDAV ) y la Fundaci\u00f3n SGAE, a trav\u00e9s del Consejo Territorial de SGAE de la Comunidad Valenciana, convocan la selecci\u00f3n de trabajos para la <strong>X edici\u00f3n de AUTORS EN CURT<\/strong>, muestra de Cortometrajes Valencianos.<\/p>\n<p align=\"JUSTIFY\">Esta muestra de cortometrajes de autores valencianos se presenta bajo el lema \u00abLos guionistas son los protagonistas\u00bb, puesto que desea poner de relieve el fundamental trabajo que desarrollan los guionistas en el proceso de la creaci\u00f3n audiovisual. Con diez ediciones, Autors en Curt, se ha consolidado como una cita imprescindible para los aficionados y profesionales del audiovisual valenciano.<\/p>\n<p align=\"LEFT\">Seleccionamos trabajos de:<\/p>\n<p align=\"LEFT\">\u2013\u00a0<b>TERROR &amp; THRILLER<\/b><\/p>\n<p align=\"LEFT\"><b>\u2013 DRAMA<\/b><\/p>\n<p align=\"LEFT\"><b>\u2013 COMEDIA<\/b><\/p>\n<p align=\"LEFT\"><b>\u2013 DOCUMENTAL<\/b><\/p>\n<p align=\"LEFT\"><b>Si tienes un corto y quieres participar, <\/b><span lang=\"zxx\"><u><a href=\"https:\/\/forms.gle\/oV6N7dp4uaKFpBM49\"><b>rellena este FORMULARIO DE INSCRIPCI\u00d3N <\/b><\/a><\/u><\/span><b>\u00a0antes del 4 de mayo.<\/b><\/p>\n<p>Puedes presentar m\u00e1s de un corto a selecci\u00f3n. Si es el caso, tienes que llenar <strong>un formulario por cada obra presentada<\/strong>.<\/p>\n<p align=\"JUSTIFY\">Los cortos seleccionados ser\u00e1n proyectados en la Sala SGAE Centro Cultural de Val\u00e8ncia a lo largo del mes de junio en diferentes sesiones, con presentaci\u00f3n de los cortos por parte de los autores y coloquio con el p\u00fablico.<\/p>\n<p align=\"LEFT\"><b>Tienes alguna duda? Escr\u00edbenos a: <\/b><span lang=\"zxx\"><u><a href=\"mailto:info@edav.es\"><b>info@edav.es<\/b><\/a><\/u><\/span><\/p>\n<\/div>\n","protected":false},"excerpt":{"rendered":"<p>La asociaci\u00f3n de guionistas de la Comunidad Valenciana, Escritores del Audiovisual Valenciano (EDAV ) y la Fundaci\u00f3n SGAE, a trav\u00e9s del Consejo Territorial de SGAE de la Comunidad Valenciana, convocan la selecci\u00f3n de trabajos para la X edici\u00f3n de AUTORS EN CURT, muestra de Cortometrajes Valencianos. Esta muestra de cortometrajes de autores valencianos se presenta &#8230; <a title=\"AUTORS EN CURT &#8211; X EDICI\u00d3N CONVOCATORIA PARA LA SELECCI\u00d3N DE CORTOMETRAJES\" class=\"read-more\" href=\"https:\/\/www.edav.es\/es\/autors-en-curt-x-edicion-convocatoria-para-la-seleccion-de-cortometrajes\/\" aria-label=\"Leer m\u00e1s sobre AUTORS EN CURT &#8211; X EDICI\u00d3N CONVOCATORIA PARA LA SELECCI\u00d3N DE CORTOMETRAJES\">Leer m\u00e1s<\/a><\/p>\n","protected":false},"author":318,"featured_media":9551,"comment_status":"open","ping_status":"open","sticky":false,"template":"","format":"standard","meta":{"_acf_changed":false,"generate_page_header":"","footnotes":""},"categories":[1],"tags":[],"class_list":["post-9555","post","type-post","status-publish","format-standard","has-post-thumbnail","hentry","category-noticias","infinite-scroll-item","masonry-post","generate-columns","tablet-grid-50","mobile-grid-100","grid-parent","grid-50"],"acf":[],"aioseo_notices":[],"_links":{"self":[{"href":"https:\/\/www.edav.es\/es\/wp-json\/wp\/v2\/posts\/9555","targetHints":{"allow":["GET"]}}],"collection":[{"href":"https:\/\/www.edav.es\/es\/wp-json\/wp\/v2\/posts"}],"about":[{"href":"https:\/\/www.edav.es\/es\/wp-json\/wp\/v2\/types\/post"}],"author":[{"embeddable":true,"href":"https:\/\/www.edav.es\/es\/wp-json\/wp\/v2\/users\/318"}],"replies":[{"embeddable":true,"href":"https:\/\/www.edav.es\/es\/wp-json\/wp\/v2\/comments?post=9555"}],"version-history":[{"count":1,"href":"https:\/\/www.edav.es\/es\/wp-json\/wp\/v2\/posts\/9555\/revisions"}],"predecessor-version":[{"id":9556,"href":"https:\/\/www.edav.es\/es\/wp-json\/wp\/v2\/posts\/9555\/revisions\/9556"}],"wp:featuredmedia":[{"embeddable":true,"href":"https:\/\/www.edav.es\/es\/wp-json\/wp\/v2\/media\/9551"}],"wp:attachment":[{"href":"https:\/\/www.edav.es\/es\/wp-json\/wp\/v2\/media?parent=9555"}],"wp:term":[{"taxonomy":"category","embeddable":true,"href":"https:\/\/www.edav.es\/es\/wp-json\/wp\/v2\/categories?post=9555"},{"taxonomy":"post_tag","embeddable":true,"href":"https:\/\/www.edav.es\/es\/wp-json\/wp\/v2\/tags?post=9555"}],"curies":[{"name":"wp","href":"https:\/\/api.w.org\/{rel}","templated":true}]}}